{"id":2687,"date":"2019-08-22T07:50:38","date_gmt":"2019-08-22T05:50:38","guid":{"rendered":"http:\/\/neu.hestasaga.com\/?p=2687"},"modified":"2020-03-09T08:44:29","modified_gmt":"2020-03-09T07:44:29","slug":"vera-litla","status":"publish","type":"post","link":"https:\/\/www.hestasaga.com\/is\/2019\/08\/22\/vera-litla\/","title":{"rendered":"5. VERA DETTUR \u00cd LUKKUPOTTINN"},"content":{"rendered":"\n<p style=\"background-color:#f0ce71\" class=\"has-background\">\u00deegar Vera var a\u00f0eins t\u00f3lf \u00e1ra f\u00e9kk h\u00fan sj\u00e1lf a\u00f0 velja s\u00e9r hest.  H\u00fan var heppin me\u00f0 vali\u00f0 \u00fev\u00ed einmitt \u00feessi hestur \u00e1tti eftir a\u00f0 hafa mikil \u00e1hrif \u00e1 l\u00edf hennar. <\/p>\n\n\n\n<div class=\"wp-block-image\"><figure class=\"aligncenter\"><img fetchpriority=\"high\" width=\"618\" height=\"1024\" src=\"https:\/\/www.hestasaga.com\/wp-content\/uploads\/HS-Vera10-618x1024.jpg\" alt=\"\" class=\"wp-image-517\" srcset=\"https:\/\/www.hestasaga.com\/wp-content\/uploads\/HS-Vera10-618x1024.jpg 618w, https:\/\/www.hestasaga.com\/wp-content\/uploads\/HS-Vera10-181x300.jpg 181w, https:\/\/www.hestasaga.com\/wp-content\/uploads\/HS-Vera10-768x1273.jpg 768w, https:\/\/www.hestasaga.com\/wp-content\/uploads\/HS-Vera10.jpg 800w\" sizes=\"(max-width: 618px) 100vw, 618px\" \/><figcaption><em><strong>Vera var ung \u00feegar h\u00fan vissi  hva\u00f0 h\u00fan vildi og l\u00e9t ekki a\u00f0ra hafa \u00e1hrif \u00e1 sig.<\/strong><\/em><\/figcaption><\/figure><\/div>\n\n\n\n<figure class=\"wp-block-audio\"><audio controls src=\"https:\/\/www.hestasaga.com\/wp-content\/uploads\/Veralukkupottur-26.02.20-20.30.mp3\"><\/audio><figcaption><br><\/figcaption><\/figure>\n\n\n\n<p class=\"has-drop-cap\">\u00cdslenski hesturinn var\u00f0 s\u00edfelt st\u00e6ri hluti af l\u00edfi okkar og vi\u00f0 s\u00f6fnu\u00f0um h\u00e6gt og b\u00edtandi reynslu me\u00f0 litlu hestahj\u00f6r\u00f0inni okkar, sem st\u00e6kka\u00f0i \u00e1r fr\u00e1 \u00e1ri. Vi\u00f0 f\u00f3rum a\u00f0 r\u00e6kta hross \u00ed sm\u00e1um st\u00edl og keppa \u00ed \u00ed\u00fer\u00f3ttakeppnum. <\/p>\n\n\n\n<p>Ef \u00e9g \u00e1 a\u00f0 vera alveg hreinskilin \u00fe\u00e1 n\u00e1\u00f0um vi\u00f0 ekki miklum \u00e1rangri fyrstu \u00e1rin, hvorki \u00ed keppni n\u00e9 \u00ed hrossar\u00e6kt. <\/p>\n\n\n\n<p>Vi\u00f0 fengum a\u00f0 s\u00e6kja rei\u00f0n\u00e1mskei\u00f0 einu sinni \u00e1 \u00e1ri og \u00fea\u00f0 var\u00f0 a\u00f0 duga. \u00deess \u00e1 milli h\u00f6f\u00f0um vi\u00f0 n\u00e6gan t\u00edma til a\u00f0 ey\u00f0ileggja ganginn \u00ed hrossunum okkar.<\/p>\n\n\n\n<p>\u00deannig var \u00feetta \u00ed \u00fe\u00e1 daga og ekki h\u00e6gt a\u00f0 bera saman vi\u00f0 \u00fe\u00e1 a\u00f0st\u00f6\u00f0u sem vi\u00f0 h\u00f6fum \u00ed dag hva\u00f0 var\u00f0ar t.d. rei\u00f0kennslu. <\/p>\n\n\n\n<p>En \u00e1 hinn b\u00f3ginn l\u00e6r\u00f0um vi\u00f0 a\u00f0 f\u00e1st vi\u00f0 mismunandi hestger\u00f0ir og pr\u00f3fu\u00f0um okkur \u00e1fram me\u00f0 \u00fej\u00e1lfun \u00e1 hrossunum. Stundum b\u00e1ru a\u00f0fer\u00f0ir okkar engan \u00e1rangur. En \u00e9g held samt a\u00f0 \u00fea\u00f0 hafi \u00feroska\u00f0 okkur miki\u00f0 sem rei\u00f0menn.<\/p>\n\n\n\n<p>\u00c9g var or\u00f0in t\u00f3lf \u00e1ra og var komin me\u00f0 t\u00f6luver\u00f0a reynslu af hestum. Yfirleitt f\u00e9kk \u00e9g hross sem systkini m\u00edn voru vaxinn upp \u00far.<\/p>\n\n\n\n<p><\/p>\n\n\n\n<div class=\"wp-container-3 wp-block-columns has-2-columns\">\n<div class=\"wp-container-1 wp-block-column\">\n<figure class=\"wp-block-image\"><img width=\"1024\" height=\"688\" src=\"https:\/\/www.hestasaga.com\/wp-content\/uploads\/HS-Vera103-1024x688.jpg\" alt=\"\" class=\"wp-image-552\" srcset=\"https:\/\/www.hestasaga.com\/wp-content\/uploads\/HS-Vera103-1024x688.jpg 1024w, https:\/\/www.hestasaga.com\/wp-content\/uploads\/HS-Vera103-300x202.jpg 300w, https:\/\/www.hestasaga.com\/wp-content\/uploads\/HS-Vera103-768x516.jpg 768w, https:\/\/www.hestasaga.com\/wp-content\/uploads\/HS-Vera103.jpg 1200w\" sizes=\"(max-width: 1024px) 100vw, 1024px\" \/><figcaption><em><strong>Vera var <\/strong><\/em><strong><em>\u00f6llum stundum hj\u00e1 hrossunum.<\/em><\/strong><\/figcaption><\/figure>\n<\/div>\n\n\n\n<div class=\"wp-container-2 wp-block-column\">\n<figure class=\"wp-block-image\"><img width=\"1024\" height=\"680\" src=\"https:\/\/www.hestasaga.com\/wp-content\/uploads\/HS-Vera104-1024x680.jpg\" alt=\"\" class=\"wp-image-553\" srcset=\"https:\/\/www.hestasaga.com\/wp-content\/uploads\/HS-Vera104-1024x680.jpg 1024w, https:\/\/www.hestasaga.com\/wp-content\/uploads\/HS-Vera104-300x199.jpg 300w, https:\/\/www.hestasaga.com\/wp-content\/uploads\/HS-Vera104-768x510.jpg 768w, https:\/\/www.hestasaga.com\/wp-content\/uploads\/HS-Vera104.jpg 1200w\" sizes=\"(max-width: 1024px) 100vw, 1024px\" \/><figcaption><em>\u00cd<\/em><strong><em>b\u00fa\u00f0arh\u00fas fj\u00f6lskyldunnar \u00e1 Lipperthof \u00fear sem \u00ed dag er veitingarsta\u00f0urinn hj\u00e1 Erkan!<\/em><\/strong><\/figcaption><\/figure>\n<\/div>\n<\/div>\n\n\n\n<p>\u00c1ri\u00f0 1976 f\u00f3rum vi\u00f0 til Aschaffenburg til a\u00f0 sko\u00f0a hross sem voru n\u00fdkomin fr\u00e1 \u00cdslandi. \u00dea\u00f0 var einn af h\u00e1punktum \u00e1rsins a\u00f0 f\u00e1 a\u00f0 fara \u00feanga\u00f0. \u00dear hittum vi\u00f0 f\u00f3lk sem var helteki\u00f0 af s\u00f6mu \u00e1r\u00e1ttu og vi\u00f0! \u00c1 b\u00fagar\u00f0inum &#8222;Schellenm\u00fchle&#8220; var h\u00e6gt a\u00f0 sko\u00f0a innfluttu hrossin og pr\u00f3fa \u00feau. \u00dear var glatt \u00e1 hjalla, n\u00e6stum eins og \u00ed \u00edslenskum r\u00e9ttum. Miki\u00f0 sp\u00e1\u00f0 og spekulera\u00f0 \u00fev\u00ed allir voru eins og vi\u00f0,  a\u00f0 leita a\u00f0 hrossi sem henta\u00f0i \u00fe\u00f6rfum \u00feeirra.<\/p>\n\n\n\n<div class=\"wp-block-image\"><figure class=\"alignright is-resized\"><img loading=\"lazy\" src=\"https:\/\/www.hestasaga.com\/wp-content\/uploads\/HS-Vera-108-662x1024.jpg\" alt=\"\" class=\"wp-image-555\" width=\"380\" height=\"588\" srcset=\"https:\/\/www.hestasaga.com\/wp-content\/uploads\/HS-Vera-108-662x1024.jpg 662w, https:\/\/www.hestasaga.com\/wp-content\/uploads\/HS-Vera-108-194x300.jpg 194w, https:\/\/www.hestasaga.com\/wp-content\/uploads\/HS-Vera-108-768x1188.jpg 768w, https:\/\/www.hestasaga.com\/wp-content\/uploads\/HS-Vera-108.jpg 800w\" sizes=\"(max-width: 380px) 100vw, 380px\" \/><figcaption>Venjulega valdi br\u00f3\u00f0ir minn hestana handa okkur. Hann var l\u00edka \u00ed \u00feetta skipti b\u00fainn a\u00f0 finna hest handa m\u00e9r!<\/figcaption><\/figure><\/div>\n\n\n\n<p>\u00cd \u00feetta skipti \u00e1tti \u00e9g a\u00f0 f\u00e1 a\u00f0 velja m\u00e9r sj\u00e1lf hest. Venjulega var \u00fea\u00f0 br\u00f3\u00f0ir minn sem valdi hestana handa okkur. <\/p>\n\n\n\n<p>Eins og venjulega var hann l\u00edka \u00ed \u00feetta skipti b\u00fainn a\u00f0 finna hest handa m\u00e9r. En \u00e9g var ekki \u00e1n\u00e6g\u00f0 me\u00f0 vali\u00f0 og var l\u00f6ngu b\u00fainn a\u00f0 \u00e1kve\u00f0a a\u00f0 taka fj\u00f6gura vetra gr\u00e1an hest sem \u00e9g s\u00e1 \u00ed st\u00f3\u00f0inu.<\/p>\n\n\n\n<p>Hva\u00f0 \u00fea\u00f0 var sem heilla\u00f0i mig vi\u00f0 hestinn?<\/p>\n\n\n\n<p>Hann var me\u00f0 fr\u00e1b\u00e6rt t\u00f6lt og \u00e9g gat stj\u00f3rna\u00f0 hra\u00f0anum vandr\u00e6\u00f0alaust. \u00dea\u00f0 var allt \u00f6\u00f0ru v\u00edsi en hj\u00e1 fyrsta hestinum sem \u00e9g f\u00e9kk til rei\u00f0ar, sem t\u00f6lti alltaf hreint en komst ekkert \u00e1fram. N\u00e6sti hestur var hins vegar svo viljugur a\u00f0 m\u00e9r var \u00f3m\u00f6gulegt a\u00f0 stj\u00f3rna honum.<\/p>\n\n\n\n<p>\u00c9g gat gat me\u00f0 a\u00f0sto\u00f0 foreldra minna sett mig upp \u00e1 m\u00f3ti br\u00f3\u00f0ur m\u00ednum og fengi\u00f0 hestinn sem \u00e9g valdi sj\u00e1lf, sem var reyndar mj\u00f6g d\u00fdr, \u00fev\u00ed hann kosta\u00f0i 7800 m\u00f6rk. \u00dea\u00f0 hef\u00f0i veri\u00f0 h\u00e6gt a\u00f0 kaupa tvo hesta fyrir \u00feetta ver\u00f0. \u00c9g mun aldrei gleyma \u00fev\u00ed.<\/p>\n\n\n\n<p>\u00c1 f\u00f6studaginn langa \u00e1ri\u00f0 1976 f\u00e9kk \u00e9g a\u00f0 pr\u00f3fa Frosta og \u00e1 annan \u00ed p\u00e1skum t\u00f3kum vi\u00f0 hann me\u00f0 okkur heim til Wurz. \u00c9g var \u00ed sj\u00f6unda himni!<\/p>\n\n\n\n<p class=\"has-text-align-right\"><strong>\u00de\u00fdtt \u00far \u00fe\u00fdsku.<\/strong><br><\/p>\n\n\n\n<figure class=\"wp-block-image\"><img loading=\"lazy\" width=\"1024\" height=\"854\" src=\"https:\/\/www.hestasaga.com\/wp-content\/uploads\/HS-Vera3-1024x854.jpg\" alt=\"\" class=\"wp-image-548\" srcset=\"https:\/\/www.hestasaga.com\/wp-content\/uploads\/HS-Vera3-1024x854.jpg 1024w, https:\/\/www.hestasaga.com\/wp-content\/uploads\/HS-Vera3-300x250.jpg 300w, https:\/\/www.hestasaga.com\/wp-content\/uploads\/HS-Vera3-768x641.jpg 768w, https:\/\/www.hestasaga.com\/wp-content\/uploads\/HS-Vera3.jpg 1200w\" sizes=\"(max-width: 1024px) 100vw, 1024px\" \/><\/figure>\n","protected":false},"excerpt":{"rendered":"<p>\u00deegar Vera var a\u00f0eins t\u00f3lf \u00e1ra f\u00e9kk h\u00fan sj\u00e1lf a\u00f0 velja s\u00e9r hest. H\u00fan var heppin me\u00f0 vali\u00f0 \u00fev\u00ed einmitt \u00feessi hestur \u00e1tti eftir a\u00f0 hafa mikil \u00e1hrif \u00e1 l\u00edf hennar. \u00cdslenski hesturinn var\u00f0 s\u00edfelt st\u00e6ri hluti af l\u00edfi okkar og vi\u00f0 s\u00f6fnu\u00f0um h\u00e6gt og b\u00edtandi reynslu me\u00f0 litlu hestahj\u00f6r\u00f0inni okkar, sem st\u00e6kka\u00f0i \u00e1r fr\u00e1 [&hellip;]<\/p>\n","protected":false},"author":3,"featured_media":569,"comment_status":"open","ping_status":"closed","sticky":false,"template":"","format":"standard","meta":{"episode_type":"","audio_file":"","cover_image":"","cover_image_id":"","duration":"","filesize":"","date_recorded":"","explicit":"","block":"","filesize_raw":""},"categories":[50,56,44],"tags":[],"series":[],"speaker":[],"acf":[],"episode_featured_image":"https:\/\/www.hestasaga.com\/wp-content\/uploads\/Vera-Tit-1.jpg","episode_player_image":"https:\/\/www.hestasaga.com\/wp-content\/uploads\/podcast-img-scaled.jpg","download_link":"","player_link":"","audio_player":false,"episode_data":{"playerMode":"dark","subscribeUrls":[],"rssFeedUrl":"https:\/\/www.hestasaga.com\/is\/feed\/podcast\/hestasaga","embedCode":"<blockquote class=\"wp-embedded-content\" data-secret=\"E2QZdJLAig\"><a href=\"https:\/\/www.hestasaga.com\/is\/2019\/08\/22\/vera-litla\/\">5. VERA DETTUR \u00cd LUKKUPOTTINN<\/a><\/blockquote><iframe sandbox=\"allow-scripts\" security=\"restricted\" src=\"https:\/\/www.hestasaga.com\/is\/2019\/08\/22\/vera-litla\/embed\/#?secret=E2QZdJLAig\" width=\"500\" height=\"350\" title=\"&#8220;5. VERA DETTUR \u00cd LUKKUPOTTINN&#8221; &#8212; Hestasaga\" data-secret=\"E2QZdJLAig\" frameborder=\"0\" marginwidth=\"0\" marginheight=\"0\" scrolling=\"no\" class=\"wp-embedded-content\"><\/iframe><script type=\"text\/javascript\">\n\/*! This file is auto-generated *\/\n!function(c,d){\"use strict\";var e=!1,o=!1;if(d.querySelector)if(c.addEventListener)e=!0;if(c.wp=c.wp||{},c.wp.receiveEmbedMessage);else if(c.wp.receiveEmbedMessage=function(e){var t=e.data;if(!t);else if(!(t.secret||t.message||t.value));else if(\/[^a-zA-Z0-9]\/.test(t.secret));else{for(var r,s,a,i=d.querySelectorAll('iframe[data-secret=\"'+t.secret+'\"]'),n=d.querySelectorAll('blockquote[data-secret=\"'+t.secret+'\"]'),o=new RegExp(\"^https?:$\",\"i\"),l=0;l<n.length;l++)n[l].style.display=\"none\";for(l=0;l<i.length;l++)if(r=i[l],e.source!==r.contentWindow);else{if(r.removeAttribute(\"style\"),\"height\"===t.message){if(1e3<(s=parseInt(t.value,10)))s=1e3;else if(~~s<200)s=200;r.height=s}if(\"link\"===t.message)if(s=d.createElement(\"a\"),a=d.createElement(\"a\"),s.href=r.getAttribute(\"src\"),a.href=t.value,!o.test(a.protocol));else if(a.host===s.host)if(d.activeElement===r)c.top.location.href=t.value}}},e)c.addEventListener(\"message\",c.wp.receiveEmbedMessage,!1),d.addEventListener(\"DOMContentLoaded\",t,!1),c.addEventListener(\"load\",t,!1);function t(){if(o);else{o=!0;for(var e,t,r,s=-1!==navigator.appVersion.indexOf(\"MSIE 10\"),a=!!navigator.userAgent.match(\/Trident.*rv:11\\.\/),i=d.querySelectorAll(\"iframe.wp-embedded-content\"),n=0;n<i.length;n++){if(!(r=(t=i[n]).getAttribute(\"data-secret\")))r=Math.random().toString(36).substr(2,10),t.src+=\"#?secret=\"+r,t.setAttribute(\"data-secret\",r);if(s||a)(e=t.cloneNode(!0)).removeAttribute(\"security\"),t.parentNode.replaceChild(e,t);t.contentWindow.postMessage({message:\"ready\",secret:r},\"*\")}}}}(window,document);\n<\/script>\n"},"yoast_head":"<!-- This site is optimized with the Yoast SEO plugin v19.7.1 - https:\/\/yoast.com\/wordpress\/plugins\/seo\/ -->\n<title>5. VERA DETTUR \u00cd LUKKUPOTTINN - Hestasaga<\/title>\n<meta name=\"description\" content=\"Vera Reber, Frosti fr\u00e1 F\u00e1skr\u00fa\u00f0arbakka, Evr\u00f3pumeistarar, \u00fe\u00fdskur meistari \u00ed fimmgangi, anna\u00f0 s\u00e6ti \u00e1 heimsleikum\" \/>\n<meta name=\"robots\" content=\"index, follow, max-snippet:-1, max-image-preview:large, max-video-preview:-1\" \/>\n<link rel=\"canonical\" href=\"https:\/\/www.hestasaga.com\/is\/2019\/08\/22\/vera-litla\/\" \/>\n<meta property=\"og:locale\" content=\"is_IS\" \/>\n<meta property=\"og:type\" content=\"article\" \/>\n<meta property=\"og:title\" content=\"5. VERA DETTUR \u00cd LUKKUPOTTINN - Hestasaga\" \/>\n<meta property=\"og:description\" content=\"Vera Reber, Frosti fr\u00e1 F\u00e1skr\u00fa\u00f0arbakka, Evr\u00f3pumeistarar, \u00fe\u00fdskur meistari \u00ed fimmgangi, anna\u00f0 s\u00e6ti \u00e1 heimsleikum\" \/>\n<meta property=\"og:url\" content=\"https:\/\/www.hestasaga.com\/is\/2019\/08\/22\/vera-litla\/\" \/>\n<meta property=\"og:site_name\" content=\"Hestasaga\" \/>\n<meta property=\"article:publisher\" content=\"https:\/\/www.facebook.com\/hestasaga\/\" \/>\n<meta property=\"article:published_time\" content=\"2019-08-22T05:50:38+00:00\" \/>\n<meta property=\"article:modified_time\" content=\"2020-03-09T07:44:29+00:00\" \/>\n<meta property=\"og:image\" content=\"https:\/\/www.hestasaga.com\/wp-content\/uploads\/Vera-Tit-1.jpg\" \/>\n\t<meta property=\"og:image:width\" content=\"628\" \/>\n\t<meta property=\"og:image:height\" content=\"472\" \/>\n\t<meta property=\"og:image:type\" content=\"image\/jpeg\" \/>\n<meta name=\"author\" content=\"Krist\u00edn Halld\u00f3rsd\u00f3ttir\" \/>\n<meta name=\"twitter:card\" content=\"summary_large_image\" \/>\n<meta name=\"twitter:creator\" content=\"@Hestasaga\" \/>\n<meta name=\"twitter:site\" content=\"@Hestasaga\" \/>\n<meta name=\"twitter:label1\" content=\"Written by\" \/>\n\t<meta name=\"twitter:data1\" content=\"Krist\u00edn Halld\u00f3rsd\u00f3ttir\" \/>\n\t<meta name=\"twitter:label2\" content=\"Est. reading time\" \/>\n\t<meta name=\"twitter:data2\" content=\"3 minutes\" \/>\n<script type=\"application\/ld+json\" class=\"yoast-schema-graph\">{\"@context\":\"https:\/\/schema.org\",\"@graph\":[{\"@type\":\"Article\",\"@id\":\"https:\/\/www.hestasaga.com\/is\/2019\/08\/22\/vera-litla\/#article\",\"isPartOf\":{\"@id\":\"https:\/\/www.hestasaga.com\/is\/2019\/08\/22\/vera-litla\/\"},\"author\":{\"name\":\"Krist\u00edn Halld\u00f3rsd\u00f3ttir\",\"@id\":\"https:\/\/www.hestasaga.com\/en\/#\/schema\/person\/6bcd8e996a768d76a863819533c4fdcb\"},\"headline\":\"5. VERA DETTUR \u00cd LUKKUPOTTINN\",\"datePublished\":\"2019-08-22T05:50:38+00:00\",\"dateModified\":\"2020-03-09T07:44:29+00:00\",\"mainEntityOfPage\":{\"@id\":\"https:\/\/www.hestasaga.com\/is\/2019\/08\/22\/vera-litla\/\"},\"wordCount\":630,\"commentCount\":0,\"publisher\":{\"@id\":\"https:\/\/www.hestasaga.com\/en\/#organization\"},\"articleSection\":[\"Einstakur atbur\u00f0ur\",\"Minnisver\u00f0ir hestar\",\"Vi\u00f0t\u00f6l\"],\"inLanguage\":\"is\",\"potentialAction\":[{\"@type\":\"CommentAction\",\"name\":\"Comment\",\"target\":[\"https:\/\/www.hestasaga.com\/is\/2019\/08\/22\/vera-litla\/#respond\"]}]},{\"@type\":\"WebPage\",\"@id\":\"https:\/\/www.hestasaga.com\/is\/2019\/08\/22\/vera-litla\/\",\"url\":\"https:\/\/www.hestasaga.com\/is\/2019\/08\/22\/vera-litla\/\",\"name\":\"5. VERA DETTUR \u00cd LUKKUPOTTINN - Hestasaga\",\"isPartOf\":{\"@id\":\"https:\/\/www.hestasaga.com\/en\/#website\"},\"datePublished\":\"2019-08-22T05:50:38+00:00\",\"dateModified\":\"2020-03-09T07:44:29+00:00\",\"description\":\"Vera Reber, Frosti fr\u00e1 F\u00e1skr\u00fa\u00f0arbakka, Evr\u00f3pumeistarar, \u00fe\u00fdskur meistari \u00ed fimmgangi, anna\u00f0 s\u00e6ti \u00e1 heimsleikum\",\"breadcrumb\":{\"@id\":\"https:\/\/www.hestasaga.com\/is\/2019\/08\/22\/vera-litla\/#breadcrumb\"},\"inLanguage\":\"is\",\"potentialAction\":[{\"@type\":\"ReadAction\",\"target\":[\"https:\/\/www.hestasaga.com\/is\/2019\/08\/22\/vera-litla\/\"]}]},{\"@type\":\"BreadcrumbList\",\"@id\":\"https:\/\/www.hestasaga.com\/is\/2019\/08\/22\/vera-litla\/#breadcrumb\",\"itemListElement\":[{\"@type\":\"ListItem\",\"position\":1,\"name\":\"Startseite\",\"item\":\"https:\/\/www.hestasaga.com\/is\/\"},{\"@type\":\"ListItem\",\"position\":2,\"name\":\"5. VERA DETTUR \u00cd LUKKUPOTTINN\"}]},{\"@type\":\"WebSite\",\"@id\":\"https:\/\/www.hestasaga.com\/en\/#website\",\"url\":\"https:\/\/www.hestasaga.com\/en\/\",\"name\":\"Hestasaga\",\"description\":\"\",\"publisher\":{\"@id\":\"https:\/\/www.hestasaga.com\/en\/#organization\"},\"potentialAction\":[{\"@type\":\"SearchAction\",\"target\":{\"@type\":\"EntryPoint\",\"urlTemplate\":\"https:\/\/www.hestasaga.com\/en\/?s={search_term_string}\"},\"query-input\":\"required name=search_term_string\"}],\"inLanguage\":\"is\"},{\"@type\":\"Organization\",\"@id\":\"https:\/\/www.hestasaga.com\/en\/#organization\",\"name\":\"HestaSaga\",\"url\":\"https:\/\/www.hestasaga.com\/en\/\",\"sameAs\":[\"https:\/\/www.instagram.com\/hestasaga\/\",\"https:\/\/www.facebook.com\/hestasaga\/\",\"https:\/\/twitter.com\/Hestasaga\"],\"logo\":{\"@type\":\"ImageObject\",\"inLanguage\":\"is\",\"@id\":\"https:\/\/www.hestasaga.com\/en\/#\/schema\/logo\/image\/\",\"url\":\"https:\/\/www.hestasaga.com\/wp-content\/uploads\/hestasaga_logo.png\",\"contentUrl\":\"https:\/\/www.hestasaga.com\/wp-content\/uploads\/hestasaga_logo.png\",\"width\":600,\"height\":214,\"caption\":\"HestaSaga\"},\"image\":{\"@id\":\"https:\/\/www.hestasaga.com\/en\/#\/schema\/logo\/image\/\"}},{\"@type\":\"Person\",\"@id\":\"https:\/\/www.hestasaga.com\/en\/#\/schema\/person\/6bcd8e996a768d76a863819533c4fdcb\",\"name\":\"Krist\u00edn Halld\u00f3rsd\u00f3ttir\",\"image\":{\"@type\":\"ImageObject\",\"inLanguage\":\"is\",\"@id\":\"https:\/\/www.hestasaga.com\/en\/#\/schema\/person\/image\/\",\"url\":\"https:\/\/secure.gravatar.com\/avatar\/fa4a35165437ba3e3b53ebc22cb66eda?s=96&d=mm&r=g\",\"contentUrl\":\"https:\/\/secure.gravatar.com\/avatar\/fa4a35165437ba3e3b53ebc22cb66eda?s=96&d=mm&r=g\",\"caption\":\"Krist\u00edn Halld\u00f3rsd\u00f3ttir\"},\"url\":\"https:\/\/www.hestasaga.com\/is\/author\/kristin\/\"}]}<\/script>\n<!-- \/ Yoast SEO plugin. -->","yoast_head_json":{"title":"5. VERA DETTUR \u00cd LUKKUPOTTINN - Hestasaga","description":"Vera Reber, Frosti fr\u00e1 F\u00e1skr\u00fa\u00f0arbakka, Evr\u00f3pumeistarar, \u00fe\u00fdskur meistari \u00ed fimmgangi, anna\u00f0 s\u00e6ti \u00e1 heimsleikum","robots":{"index":"index","follow":"follow","max-snippet":"max-snippet:-1","max-image-preview":"max-image-preview:large","max-video-preview":"max-video-preview:-1"},"canonical":"https:\/\/www.hestasaga.com\/is\/2019\/08\/22\/vera-litla\/","og_locale":"is_IS","og_type":"article","og_title":"5. VERA DETTUR \u00cd LUKKUPOTTINN - Hestasaga","og_description":"Vera Reber, Frosti fr\u00e1 F\u00e1skr\u00fa\u00f0arbakka, Evr\u00f3pumeistarar, \u00fe\u00fdskur meistari \u00ed fimmgangi, anna\u00f0 s\u00e6ti \u00e1 heimsleikum","og_url":"https:\/\/www.hestasaga.com\/is\/2019\/08\/22\/vera-litla\/","og_site_name":"Hestasaga","article_publisher":"https:\/\/www.facebook.com\/hestasaga\/","article_published_time":"2019-08-22T05:50:38+00:00","article_modified_time":"2020-03-09T07:44:29+00:00","og_image":[{"width":628,"height":472,"url":"https:\/\/www.hestasaga.com\/wp-content\/uploads\/Vera-Tit-1.jpg","type":"image\/jpeg"}],"author":"Krist\u00edn Halld\u00f3rsd\u00f3ttir","twitter_card":"summary_large_image","twitter_creator":"@Hestasaga","twitter_site":"@Hestasaga","twitter_misc":{"Written by":"Krist\u00edn Halld\u00f3rsd\u00f3ttir","Est. reading time":"3 minutes"},"schema":{"@context":"https:\/\/schema.org","@graph":[{"@type":"Article","@id":"https:\/\/www.hestasaga.com\/is\/2019\/08\/22\/vera-litla\/#article","isPartOf":{"@id":"https:\/\/www.hestasaga.com\/is\/2019\/08\/22\/vera-litla\/"},"author":{"name":"Krist\u00edn Halld\u00f3rsd\u00f3ttir","@id":"https:\/\/www.hestasaga.com\/en\/#\/schema\/person\/6bcd8e996a768d76a863819533c4fdcb"},"headline":"5. VERA DETTUR \u00cd LUKKUPOTTINN","datePublished":"2019-08-22T05:50:38+00:00","dateModified":"2020-03-09T07:44:29+00:00","mainEntityOfPage":{"@id":"https:\/\/www.hestasaga.com\/is\/2019\/08\/22\/vera-litla\/"},"wordCount":630,"commentCount":0,"publisher":{"@id":"https:\/\/www.hestasaga.com\/en\/#organization"},"articleSection":["Einstakur atbur\u00f0ur","Minnisver\u00f0ir hestar","Vi\u00f0t\u00f6l"],"inLanguage":"is","potentialAction":[{"@type":"CommentAction","name":"Comment","target":["https:\/\/www.hestasaga.com\/is\/2019\/08\/22\/vera-litla\/#respond"]}]},{"@type":"WebPage","@id":"https:\/\/www.hestasaga.com\/is\/2019\/08\/22\/vera-litla\/","url":"https:\/\/www.hestasaga.com\/is\/2019\/08\/22\/vera-litla\/","name":"5. VERA DETTUR \u00cd LUKKUPOTTINN - Hestasaga","isPartOf":{"@id":"https:\/\/www.hestasaga.com\/en\/#website"},"datePublished":"2019-08-22T05:50:38+00:00","dateModified":"2020-03-09T07:44:29+00:00","description":"Vera Reber, Frosti fr\u00e1 F\u00e1skr\u00fa\u00f0arbakka, Evr\u00f3pumeistarar, \u00fe\u00fdskur meistari \u00ed fimmgangi, anna\u00f0 s\u00e6ti \u00e1 heimsleikum","breadcrumb":{"@id":"https:\/\/www.hestasaga.com\/is\/2019\/08\/22\/vera-litla\/#breadcrumb"},"inLanguage":"is","potentialAction":[{"@type":"ReadAction","target":["https:\/\/www.hestasaga.com\/is\/2019\/08\/22\/vera-litla\/"]}]},{"@type":"BreadcrumbList","@id":"https:\/\/www.hestasaga.com\/is\/2019\/08\/22\/vera-litla\/#breadcrumb","itemListElement":[{"@type":"ListItem","position":1,"name":"Startseite","item":"https:\/\/www.hestasaga.com\/is\/"},{"@type":"ListItem","position":2,"name":"5. VERA DETTUR \u00cd LUKKUPOTTINN"}]},{"@type":"WebSite","@id":"https:\/\/www.hestasaga.com\/en\/#website","url":"https:\/\/www.hestasaga.com\/en\/","name":"Hestasaga","description":"","publisher":{"@id":"https:\/\/www.hestasaga.com\/en\/#organization"},"potentialAction":[{"@type":"SearchAction","target":{"@type":"EntryPoint","urlTemplate":"https:\/\/www.hestasaga.com\/en\/?s={search_term_string}"},"query-input":"required name=search_term_string"}],"inLanguage":"is"},{"@type":"Organization","@id":"https:\/\/www.hestasaga.com\/en\/#organization","name":"HestaSaga","url":"https:\/\/www.hestasaga.com\/en\/","sameAs":["https:\/\/www.instagram.com\/hestasaga\/","https:\/\/www.facebook.com\/hestasaga\/","https:\/\/twitter.com\/Hestasaga"],"logo":{"@type":"ImageObject","inLanguage":"is","@id":"https:\/\/www.hestasaga.com\/en\/#\/schema\/logo\/image\/","url":"https:\/\/www.hestasaga.com\/wp-content\/uploads\/hestasaga_logo.png","contentUrl":"https:\/\/www.hestasaga.com\/wp-content\/uploads\/hestasaga_logo.png","width":600,"height":214,"caption":"HestaSaga"},"image":{"@id":"https:\/\/www.hestasaga.com\/en\/#\/schema\/logo\/image\/"}},{"@type":"Person","@id":"https:\/\/www.hestasaga.com\/en\/#\/schema\/person\/6bcd8e996a768d76a863819533c4fdcb","name":"Krist\u00edn Halld\u00f3rsd\u00f3ttir","image":{"@type":"ImageObject","inLanguage":"is","@id":"https:\/\/www.hestasaga.com\/en\/#\/schema\/person\/image\/","url":"https:\/\/secure.gravatar.com\/avatar\/fa4a35165437ba3e3b53ebc22cb66eda?s=96&d=mm&r=g","contentUrl":"https:\/\/secure.gravatar.com\/avatar\/fa4a35165437ba3e3b53ebc22cb66eda?s=96&d=mm&r=g","caption":"Krist\u00edn Halld\u00f3rsd\u00f3ttir"},"url":"https:\/\/www.hestasaga.com\/is\/author\/kristin\/"}]}},"_links":{"self":[{"href":"https:\/\/www.hestasaga.com\/is\/wp-json\/wp\/v2\/posts\/2687"}],"collection":[{"href":"https:\/\/www.hestasaga.com\/is\/wp-json\/wp\/v2\/posts"}],"about":[{"href":"https:\/\/www.hestasaga.com\/is\/wp-json\/wp\/v2\/types\/post"}],"author":[{"embeddable":true,"href":"https:\/\/www.hestasaga.com\/is\/wp-json\/wp\/v2\/users\/3"}],"replies":[{"embeddable":true,"href":"https:\/\/www.hestasaga.com\/is\/wp-json\/wp\/v2\/comments?post=2687"}],"version-history":[{"count":32,"href":"https:\/\/www.hestasaga.com\/is\/wp-json\/wp\/v2\/posts\/2687\/revisions"}],"predecessor-version":[{"id":6339,"href":"https:\/\/www.hestasaga.com\/is\/wp-json\/wp\/v2\/posts\/2687\/revisions\/6339"}],"wp:featuredmedia":[{"embeddable":true,"href":"https:\/\/www.hestasaga.com\/is\/wp-json\/wp\/v2\/media\/569"}],"wp:attachment":[{"href":"https:\/\/www.hestasaga.com\/is\/wp-json\/wp\/v2\/media?parent=2687"}],"wp:term":[{"taxonomy":"category","embeddable":true,"href":"https:\/\/www.hestasaga.com\/is\/wp-json\/wp\/v2\/categories?post=2687"},{"taxonomy":"post_tag","embeddable":true,"href":"https:\/\/www.hestasaga.com\/is\/wp-json\/wp\/v2\/tags?post=2687"},{"taxonomy":"series","embeddable":true,"href":"https:\/\/www.hestasaga.com\/is\/wp-json\/wp\/v2\/series?post=2687"},{"taxonomy":"speaker","embeddable":true,"href":"https:\/\/www.hestasaga.com\/is\/wp-json\/wp\/v2\/speaker?post=2687"}],"curies":[{"name":"wp","href":"https:\/\/api.w.org\/{rel}","templated":true}]}}