{"id":1104,"date":"2020-07-24T00:15:09","date_gmt":"2020-07-23T22:15:09","guid":{"rendered":"http:\/\/neu.hestasaga.com\/?p=1104"},"modified":"2020-07-21T10:42:53","modified_gmt":"2020-07-21T08:42:53","slug":"hversu-minnugir-eru-hestar","status":"publish","type":"post","link":"https:\/\/www.hestasaga.com\/is\/2020\/07\/24\/hversu-minnugir-eru-hestar\/","title":{"rendered":"HVERSU MINNUGIR ERU HESTAR?"},"content":{"rendered":"\n<figure class=\"wp-block-image\"><img fetchpriority=\"high\" width=\"1000\" height=\"722\" src=\"https:\/\/www.hestasaga.com\/wp-content\/uploads\/HS-Rjomi-2.jpg\" alt=\"\" class=\"wp-image-301\" srcset=\"https:\/\/www.hestasaga.com\/wp-content\/uploads\/HS-Rjomi-2.jpg 1000w, https:\/\/www.hestasaga.com\/wp-content\/uploads\/HS-Rjomi-2-300x217.jpg 300w, https:\/\/www.hestasaga.com\/wp-content\/uploads\/HS-Rjomi-2-768x554.jpg 768w\" sizes=\"(max-width: 1000px) 100vw, 1000px\" \/><figcaption><strong><em>Hekla \u00ed \u00fatrei\u00f0at\u00far me\u00f0 Glanna s\u00ednum<\/em><\/strong><br><\/figcaption><\/figure>\n\n\n\n<p class=\"has-drop-cap\">Fyrsta hestinn sem \u00e9g eigna\u00f0ist f\u00e9kk \u00e9g gefins, \u00fev\u00ed eigandinn vildi losna vi\u00f0 hann. \u00c9g var \u00fe\u00e1 11 \u00e1ra g\u00f6mul og n\u00e1tt\u00farulega alltof ung til a\u00f0 f\u00e1st vi\u00f0 sl\u00edkan vandam\u00e1lahest. \u00dea\u00f0 gekk heldur ekki upp hj\u00e1 okkur og hesturinn var felldur. \u00dea\u00f0 t\u00f3k mig langa t\u00edma a\u00f0 jafna mig \u00e1 \u00f6llu saman, en \u00e9g var samt sta\u00f0r\u00e1\u00f0in \u00ed \u00fev\u00ed a\u00f0 eignast aftur hest.<\/p>\n\n\n\n<p>\u00c9g ger\u00f0i m\u00e9r grein fyrir \u00fev\u00ed  a\u00f0 \u00fea\u00f0 myndi taka t\u00edma a\u00f0 vinna \u00far \u00feessari reynslu. \u00c9g s\u00e6tti mig vi\u00f0  \u00fea\u00f0, \u00fev\u00ed \u00e9g vissi a\u00f0 vi\u00f0 \u00e1ttum ekki til pening til a\u00f0 kaupa hest. <\/p>\n\n\n\n<p>En  foreldrar m\u00ednir voru dugleg a\u00f0 safna og l\u00f6g\u00f0u til hli\u00f0ar hverja einustu  kr\u00f3nu sem var afl\u00f6guf\u00e6r \u00e1 heimilinu, svo h\u00e6gt yr\u00f0i a\u00f0 uppfylla drauminn  minn.&nbsp; Au\u00f0vita\u00f0 var \u00e9g l\u00edka dugleg a\u00f0 safna og lag\u00f0i svo til allan  vasapeninginn minn \u00ed p\u00fakki\u00f0.<\/p>\n\n\n\n<p>\u00deegar \u00e9g var\u00f0 13 \u00e1ra var bi\u00f0in loksins \u00e1 enda. \u00c9g gleymi \u00fev\u00ed aldrei  \u00feegar foreldrar m\u00ednir s\u00f6g\u00f0u m\u00e9r a\u00f0 n\u00fa v\u00e6ri st\u00f3ra stundin runnin upp og  peningarnir myndu duga fyrir hrossi. <\/p>\n\n\n\n<p>\u00dea\u00f0 er t\u00f6luvert s\u00ed\u00f0an \u00feetta var, en  \u00e9g man eftir \u00feessum degi eins og \u00fea\u00f0 hef\u00f0i gerst \u00ed g\u00e6r, \u00feegar vi\u00f0 f\u00f3rum  og s\u00f3ttum hann Glanna minn, fimm vetra bleikskj\u00f3ttan, \u00fer\u00edstj\u00f6rn\u00f3ttan  fola, \u00fear af ein stjarnan sv\u00f6rt. <\/p>\n\n\n\n<p>\u00dea\u00f0 var ekki bara liturinn sem heilla\u00f0i  mig heldur var hann l\u00edka einmitt t\u00fdpan sem \u00e9g var a\u00f0 leita eftir,  \u00fe\u00e6gur, vinalegur og traustur. \u00der\u00e1tt fyrir ungan aldur var ekkert sem gat  komi\u00f0 honum \u00ed \u00f3jafnv\u00e6gi.<\/p>\n\n\n\n<figure class=\"wp-block-image\"><img src=\"https:\/\/www.hestasaga.com\/wp-content\/uploads\/2017\/03\/HS-Rjomi-1.jpg\" alt=\"\"\/><\/figure>\n\n\n\n<p><br>Strax fyrstu dagana eftir a\u00f0 Glanni kom til okkar f\u00f3r \u00e9g \u00ed  \u00fatei\u00f0art\u00fara \u00e1 honum og gekk \u00fea\u00f0 allt saman \u00e1n vandr\u00e6\u00f0a. <\/p>\n\n\n\n<p>Einn daginn  \u00feegar \u00e9g f\u00f3r \u00ed \u00fatrei\u00f0art\u00far \u00e1 honum eins og vanalega mundi \u00e9g ekkert  eftir \u00fev\u00ed a\u00f0 \u00feessa helgi var st\u00f3rt hestamannam\u00f3t \u00e1 Hellu.<\/p>\n\n\n\n<p>\u00deegar \u00e9g fatta\u00f0i \u00fea\u00f0 var ekki til baka sn\u00fai\u00f0. Vegurinn sem \u00e9g rei\u00f0  eftir var fullur af b\u00edlum margir \u00feeirra me\u00f0 hestakerrur aftan \u00ed sem  \u00feeystu fram og tilbaka \u00e1n \u00feess a\u00f0 Glanni l\u00e9ti \u00fea\u00f0 nokku\u00f0 \u00e1 sig f\u00e1. <\/p>\n\n\n\n<p>Hver  b\u00edllinn \u00e1 f\u00e6tur \u00f6\u00f0rum m\u00e6tti okkur en vi\u00f0 Glanni h\u00e9ldum okkar striki \u00fear  til a\u00f0 st\u00f3ran jeppa bar a\u00f0 sem keyr\u00f0i h\u00e6gt framhj\u00e1 okkur og sta\u00f0n\u00e6mdist  svo \u00fati \u00ed vegarkantinum.<\/p>\n\n\n\n<p>M\u00e9r fannst eins og Glanni hef\u00f0i sk\u00edrskota\u00f0 augunum til jeppans \u00feegar \nhann f\u00f3r framhj\u00e1 okkur. Hann allavegana lyfti upp h\u00f6f\u00f0inu og byrja\u00f0i a\u00f0 \nhneggja h\u00e1tt og herti \u00e1 fer\u00f0inni.<\/p>\n\n\n\n<p>\u00dat \u00far b\u00edlnum stigu eldri hj\u00f3n sem b\u00e6\u00f0i voru eitthva\u00f0 um sj\u00f6tugt og \nma\u00f0urinn studdi sig vi\u00f0 staf. Glanni h\u00e6tti ekki a\u00f0 hneggja fyrren vi\u00f0 \nvorum komin a\u00f0 f\u00f3lkinu og \u00fear sta\u00f0n\u00e6mdist hann sj\u00e1lfkrafa. \u00dei\u00f0 hef\u00f0u\u00f0 \n\u00e1tt a\u00f0 sj\u00e1 andliti\u00f0 \u00e1 g\u00f6mlu hj\u00f3nunum.<\/p>\n\n\n\n<p>B\u00e6\u00f0i brostu \u00feau \u00fat a\u00f0 eyrum og gamla konan kalla\u00f0i til okkar: \u201eEr \u00feetta ekki hann Glanni okkar?\u201c<\/p>\n\n\n\n<p>Eftir a\u00f0 \u00e9g haf\u00f0i sta\u00f0fest \u00fea\u00f0 b\u00e6tti h\u00fan vi\u00f0: \u201e\u00c9g vissi a\u00f0 \u00feetta v\u00e6ri  hann Glanni!\u201c sag\u00f0i h\u00fan og b\u00e6tti vi\u00f0 \u201ehann er f\u00e6ddur okkur og vi\u00f0 h\u00f6fun  ekki s\u00e9\u00f0 hann s\u00ed\u00f0an vi\u00f0 seldum hann \u00feriggja vetra \u00ed burtu. Glanni var  alltaf \u00ed miklu upp\u00e1haldi hj\u00e1 okkur. <\/p>\n\n\n\n<p>Vi\u00f0 h\u00f6fum oft hugsa\u00f0 til hans og  velt fyrir okkur hva\u00f0 hef\u00f0i or\u00f0i\u00f0 um hann. \u00dea\u00f0 er svo gaman a\u00f0 sj\u00e1  Glanna aftur og enn\u00fe\u00e1 betra a\u00f0 sj\u00e1, a\u00f0 hann hefur lent \u00ed g\u00f3\u00f0ar hendur  hj\u00e1 ungri st\u00falku sem hugsar vel um hann\u201c.<\/p>\n\n\n\n<p>\u00c9g f\u00f3r af baki og horf\u00f0i snortin \u00e1 \u00fea\u00f0 hvernig g\u00f6mlu hj\u00f3nin kysstu og kn\u00fasu\u00f0u Glanna minn og hann naut \u00feess \u00ed botn!<\/p>\n\n\n\n<p>Glanni hefur hvorki fyrr n\u00e9 s\u00ed\u00f0ar s\u00fdnt sl\u00edkt h\u00e1tterni gagnvart \nnokkurri manneskju svo \u00e9g viti til. \u00dea\u00f0 er \u00fev\u00ed ekki spurning \u00ed m\u00ednum \nhuga a\u00f0 hann \u00feekkti g\u00f6mlu hj\u00f3nin aftur og \u00feetta d\u00e6mi s\u00fdnir gl\u00f6gglega a\u00f0 \nhross geta veri\u00f0 mj\u00f6g minnug.<\/p>\n\n\n\n<p class=\"has-medium-font-size\">                                                                                                                                                  <br><strong>Hekla Hattenberger Hermundsd\u00f3ttir   <\/strong>   <\/p>\n\n\n\n<p class=\"has-text-align-right\"><em><strong>\u00de\u00fdtt \u00far \u00fe\u00fdsku  <\/strong><\/em><\/p>\n\n\n\n<figure class=\"wp-block-image\"><img src=\"https:\/\/www.hestasaga.com\/wp-content\/uploads\/2017\/03\/HS-Rjomi-4.jpg\" alt=\"\"\/><\/figure>\n","protected":false},"excerpt":{"rendered":"<p>\u00cd eftirfarandi s\u00f6gu kom \u00fea\u00f0 eigandanum skemmtilega \u00e1 \u00f3vart<\/p>\n","protected":false},"author":2,"featured_media":651,"comment_status":"open","ping_status":"closed","sticky":false,"template":"","format":"standard","meta":{"episode_type":"audio","audio_file":"","cover_image":"","cover_image_id":"","duration":"","filesize":"","date_recorded":"","explicit":"","block":"","filesize_raw":""},"categories":[56,53],"tags":[],"series":[],"speaker":[],"acf":[],"episode_featured_image":"https:\/\/www.hestasaga.com\/wp-content\/uploads\/Glanni1.jpg","episode_player_image":"https:\/\/www.hestasaga.com\/wp-content\/uploads\/podcast-img-scaled.jpg","download_link":"","player_link":"","audio_player":false,"episode_data":{"playerMode":"dark","subscribeUrls":[],"rssFeedUrl":"https:\/\/www.hestasaga.com\/is\/feed\/podcast\/hestasaga","embedCode":"<blockquote class=\"wp-embedded-content\" data-secret=\"Qzx7ShIjbO\"><a href=\"https:\/\/www.hestasaga.com\/is\/2020\/07\/24\/hversu-minnugir-eru-hestar\/\">HVERSU MINNUGIR ERU HESTAR?<\/a><\/blockquote><iframe sandbox=\"allow-scripts\" security=\"restricted\" src=\"https:\/\/www.hestasaga.com\/is\/2020\/07\/24\/hversu-minnugir-eru-hestar\/embed\/#?secret=Qzx7ShIjbO\" width=\"500\" height=\"350\" title=\"&#8220;HVERSU MINNUGIR ERU HESTAR?&#8221; &#8212; Hestasaga\" data-secret=\"Qzx7ShIjbO\" frameborder=\"0\" marginwidth=\"0\" marginheight=\"0\" scrolling=\"no\" class=\"wp-embedded-content\"><\/iframe><script type=\"text\/javascript\">\n\/*! This file is auto-generated *\/\n!function(c,d){\"use strict\";var e=!1,o=!1;if(d.querySelector)if(c.addEventListener)e=!0;if(c.wp=c.wp||{},c.wp.receiveEmbedMessage);else if(c.wp.receiveEmbedMessage=function(e){var t=e.data;if(!t);else if(!(t.secret||t.message||t.value));else if(\/[^a-zA-Z0-9]\/.test(t.secret));else{for(var r,s,a,i=d.querySelectorAll('iframe[data-secret=\"'+t.secret+'\"]'),n=d.querySelectorAll('blockquote[data-secret=\"'+t.secret+'\"]'),o=new RegExp(\"^https?:$\",\"i\"),l=0;l<n.length;l++)n[l].style.display=\"none\";for(l=0;l<i.length;l++)if(r=i[l],e.source!==r.contentWindow);else{if(r.removeAttribute(\"style\"),\"height\"===t.message){if(1e3<(s=parseInt(t.value,10)))s=1e3;else if(~~s<200)s=200;r.height=s}if(\"link\"===t.message)if(s=d.createElement(\"a\"),a=d.createElement(\"a\"),s.href=r.getAttribute(\"src\"),a.href=t.value,!o.test(a.protocol));else if(a.host===s.host)if(d.activeElement===r)c.top.location.href=t.value}}},e)c.addEventListener(\"message\",c.wp.receiveEmbedMessage,!1),d.addEventListener(\"DOMContentLoaded\",t,!1),c.addEventListener(\"load\",t,!1);function t(){if(o);else{o=!0;for(var e,t,r,s=-1!==navigator.appVersion.indexOf(\"MSIE 10\"),a=!!navigator.userAgent.match(\/Trident.*rv:11\\.\/),i=d.querySelectorAll(\"iframe.wp-embedded-content\"),n=0;n<i.length;n++){if(!(r=(t=i[n]).getAttribute(\"data-secret\")))r=Math.random().toString(36).substr(2,10),t.src+=\"#?secret=\"+r,t.setAttribute(\"data-secret\",r);if(s||a)(e=t.cloneNode(!0)).removeAttribute(\"security\"),t.parentNode.replaceChild(e,t);t.contentWindow.postMessage({message:\"ready\",secret:r},\"*\")}}}}(window,document);\n<\/script>\n"},"yoast_head":"<!-- This site is optimized with the Yoast SEO plugin v19.7.1 - https:\/\/yoast.com\/wordpress\/plugins\/seo\/ -->\n<title>HVERSU MINNUGIR ERU HESTAR? - Hestasaga<\/title>\n<meta name=\"robots\" content=\"index, follow, max-snippet:-1, max-image-preview:large, max-video-preview:-1\" \/>\n<link rel=\"canonical\" href=\"https:\/\/www.hestasaga.com\/is\/2020\/07\/24\/hversu-minnugir-eru-hestar\/\" \/>\n<meta property=\"og:locale\" content=\"is_IS\" \/>\n<meta property=\"og:type\" content=\"article\" \/>\n<meta property=\"og:title\" content=\"HVERSU MINNUGIR ERU HESTAR? - Hestasaga\" \/>\n<meta property=\"og:description\" content=\"\u00cd eftirfarandi s\u00f6gu kom \u00fea\u00f0 eigandanum skemmtilega \u00e1 \u00f3vart\" \/>\n<meta property=\"og:url\" content=\"https:\/\/www.hestasaga.com\/is\/2020\/07\/24\/hversu-minnugir-eru-hestar\/\" \/>\n<meta property=\"og:site_name\" content=\"Hestasaga\" \/>\n<meta property=\"article:publisher\" content=\"https:\/\/www.facebook.com\/hestasaga\/\" \/>\n<meta property=\"article:published_time\" content=\"2020-07-23T22:15:09+00:00\" \/>\n<meta property=\"article:modified_time\" content=\"2020-07-21T08:42:53+00:00\" \/>\n<meta property=\"og:image\" content=\"https:\/\/www.hestasaga.com\/wp-content\/uploads\/Glanni1.jpg\" \/>\n\t<meta property=\"og:image:width\" content=\"959\" \/>\n\t<meta property=\"og:image:height\" content=\"960\" \/>\n\t<meta property=\"og:image:type\" content=\"image\/jpeg\" \/>\n<meta name=\"author\" content=\"Monika Papenfuss\" \/>\n<meta name=\"twitter:card\" content=\"summary_large_image\" \/>\n<meta name=\"twitter:creator\" content=\"@Hestasaga\" \/>\n<meta name=\"twitter:site\" content=\"@Hestasaga\" \/>\n<meta name=\"twitter:label1\" content=\"Written by\" \/>\n\t<meta name=\"twitter:data1\" content=\"Monika Papenfuss\" \/>\n\t<meta name=\"twitter:label2\" content=\"Est. reading time\" \/>\n\t<meta name=\"twitter:data2\" content=\"4 minutes\" \/>\n<script type=\"application\/ld+json\" class=\"yoast-schema-graph\">{\"@context\":\"https:\/\/schema.org\",\"@graph\":[{\"@type\":\"Article\",\"@id\":\"https:\/\/www.hestasaga.com\/is\/2020\/07\/24\/hversu-minnugir-eru-hestar\/#article\",\"isPartOf\":{\"@id\":\"https:\/\/www.hestasaga.com\/is\/2020\/07\/24\/hversu-minnugir-eru-hestar\/\"},\"author\":{\"name\":\"Monika Papenfuss\",\"@id\":\"https:\/\/www.hestasaga.com\/en\/#\/schema\/person\/6a39392b6cfc932dba2fa37469b6842a\"},\"headline\":\"HVERSU MINNUGIR ERU HESTAR?\",\"datePublished\":\"2020-07-23T22:15:09+00:00\",\"dateModified\":\"2020-07-21T08:42:53+00:00\",\"mainEntityOfPage\":{\"@id\":\"https:\/\/www.hestasaga.com\/is\/2020\/07\/24\/hversu-minnugir-eru-hestar\/\"},\"wordCount\":730,\"commentCount\":0,\"publisher\":{\"@id\":\"https:\/\/www.hestasaga.com\/en\/#organization\"},\"articleSection\":[\"Minnisver\u00f0ir hestar\",\"Upp\u00e1halds hestur\"],\"inLanguage\":\"is\",\"potentialAction\":[{\"@type\":\"CommentAction\",\"name\":\"Comment\",\"target\":[\"https:\/\/www.hestasaga.com\/is\/2020\/07\/24\/hversu-minnugir-eru-hestar\/#respond\"]}]},{\"@type\":\"WebPage\",\"@id\":\"https:\/\/www.hestasaga.com\/is\/2020\/07\/24\/hversu-minnugir-eru-hestar\/\",\"url\":\"https:\/\/www.hestasaga.com\/is\/2020\/07\/24\/hversu-minnugir-eru-hestar\/\",\"name\":\"HVERSU MINNUGIR ERU HESTAR? - Hestasaga\",\"isPartOf\":{\"@id\":\"https:\/\/www.hestasaga.com\/en\/#website\"},\"datePublished\":\"2020-07-23T22:15:09+00:00\",\"dateModified\":\"2020-07-21T08:42:53+00:00\",\"breadcrumb\":{\"@id\":\"https:\/\/www.hestasaga.com\/is\/2020\/07\/24\/hversu-minnugir-eru-hestar\/#breadcrumb\"},\"inLanguage\":\"is\",\"potentialAction\":[{\"@type\":\"ReadAction\",\"target\":[\"https:\/\/www.hestasaga.com\/is\/2020\/07\/24\/hversu-minnugir-eru-hestar\/\"]}]},{\"@type\":\"BreadcrumbList\",\"@id\":\"https:\/\/www.hestasaga.com\/is\/2020\/07\/24\/hversu-minnugir-eru-hestar\/#breadcrumb\",\"itemListElement\":[{\"@type\":\"ListItem\",\"position\":1,\"name\":\"Startseite\",\"item\":\"https:\/\/www.hestasaga.com\/is\/\"},{\"@type\":\"ListItem\",\"position\":2,\"name\":\"HVERSU MINNUGIR ERU HESTAR?\"}]},{\"@type\":\"WebSite\",\"@id\":\"https:\/\/www.hestasaga.com\/en\/#website\",\"url\":\"https:\/\/www.hestasaga.com\/en\/\",\"name\":\"Hestasaga\",\"description\":\"\",\"publisher\":{\"@id\":\"https:\/\/www.hestasaga.com\/en\/#organization\"},\"potentialAction\":[{\"@type\":\"SearchAction\",\"target\":{\"@type\":\"EntryPoint\",\"urlTemplate\":\"https:\/\/www.hestasaga.com\/en\/?s={search_term_string}\"},\"query-input\":\"required name=search_term_string\"}],\"inLanguage\":\"is\"},{\"@type\":\"Organization\",\"@id\":\"https:\/\/www.hestasaga.com\/en\/#organization\",\"name\":\"HestaSaga\",\"url\":\"https:\/\/www.hestasaga.com\/en\/\",\"sameAs\":[\"https:\/\/www.instagram.com\/hestasaga\/\",\"https:\/\/www.facebook.com\/hestasaga\/\",\"https:\/\/twitter.com\/Hestasaga\"],\"logo\":{\"@type\":\"ImageObject\",\"inLanguage\":\"is\",\"@id\":\"https:\/\/www.hestasaga.com\/en\/#\/schema\/logo\/image\/\",\"url\":\"https:\/\/www.hestasaga.com\/wp-content\/uploads\/hestasaga_logo.png\",\"contentUrl\":\"https:\/\/www.hestasaga.com\/wp-content\/uploads\/hestasaga_logo.png\",\"width\":600,\"height\":214,\"caption\":\"HestaSaga\"},\"image\":{\"@id\":\"https:\/\/www.hestasaga.com\/en\/#\/schema\/logo\/image\/\"}},{\"@type\":\"Person\",\"@id\":\"https:\/\/www.hestasaga.com\/en\/#\/schema\/person\/6a39392b6cfc932dba2fa37469b6842a\",\"name\":\"Monika Papenfuss\",\"image\":{\"@type\":\"ImageObject\",\"inLanguage\":\"is\",\"@id\":\"https:\/\/www.hestasaga.com\/en\/#\/schema\/person\/image\/\",\"url\":\"https:\/\/secure.gravatar.com\/avatar\/b9cc76bc615e2efc42c9bbcb4d13c1b8?s=96&d=mm&r=g\",\"contentUrl\":\"https:\/\/secure.gravatar.com\/avatar\/b9cc76bc615e2efc42c9bbcb4d13c1b8?s=96&d=mm&r=g\",\"caption\":\"Monika Papenfuss\"},\"url\":\"https:\/\/www.hestasaga.com\/is\/author\/monika-papenfuss\/\"}]}<\/script>\n<!-- \/ Yoast SEO plugin. -->","yoast_head_json":{"title":"HVERSU MINNUGIR ERU HESTAR? - Hestasaga","robots":{"index":"index","follow":"follow","max-snippet":"max-snippet:-1","max-image-preview":"max-image-preview:large","max-video-preview":"max-video-preview:-1"},"canonical":"https:\/\/www.hestasaga.com\/is\/2020\/07\/24\/hversu-minnugir-eru-hestar\/","og_locale":"is_IS","og_type":"article","og_title":"HVERSU MINNUGIR ERU HESTAR? - Hestasaga","og_description":"\u00cd eftirfarandi s\u00f6gu kom \u00fea\u00f0 eigandanum skemmtilega \u00e1 \u00f3vart","og_url":"https:\/\/www.hestasaga.com\/is\/2020\/07\/24\/hversu-minnugir-eru-hestar\/","og_site_name":"Hestasaga","article_publisher":"https:\/\/www.facebook.com\/hestasaga\/","article_published_time":"2020-07-23T22:15:09+00:00","article_modified_time":"2020-07-21T08:42:53+00:00","og_image":[{"width":959,"height":960,"url":"https:\/\/www.hestasaga.com\/wp-content\/uploads\/Glanni1.jpg","type":"image\/jpeg"}],"author":"Monika Papenfuss","twitter_card":"summary_large_image","twitter_creator":"@Hestasaga","twitter_site":"@Hestasaga","twitter_misc":{"Written by":"Monika Papenfuss","Est. reading time":"4 minutes"},"schema":{"@context":"https:\/\/schema.org","@graph":[{"@type":"Article","@id":"https:\/\/www.hestasaga.com\/is\/2020\/07\/24\/hversu-minnugir-eru-hestar\/#article","isPartOf":{"@id":"https:\/\/www.hestasaga.com\/is\/2020\/07\/24\/hversu-minnugir-eru-hestar\/"},"author":{"name":"Monika Papenfuss","@id":"https:\/\/www.hestasaga.com\/en\/#\/schema\/person\/6a39392b6cfc932dba2fa37469b6842a"},"headline":"HVERSU MINNUGIR ERU HESTAR?","datePublished":"2020-07-23T22:15:09+00:00","dateModified":"2020-07-21T08:42:53+00:00","mainEntityOfPage":{"@id":"https:\/\/www.hestasaga.com\/is\/2020\/07\/24\/hversu-minnugir-eru-hestar\/"},"wordCount":730,"commentCount":0,"publisher":{"@id":"https:\/\/www.hestasaga.com\/en\/#organization"},"articleSection":["Minnisver\u00f0ir hestar","Upp\u00e1halds hestur"],"inLanguage":"is","potentialAction":[{"@type":"CommentAction","name":"Comment","target":["https:\/\/www.hestasaga.com\/is\/2020\/07\/24\/hversu-minnugir-eru-hestar\/#respond"]}]},{"@type":"WebPage","@id":"https:\/\/www.hestasaga.com\/is\/2020\/07\/24\/hversu-minnugir-eru-hestar\/","url":"https:\/\/www.hestasaga.com\/is\/2020\/07\/24\/hversu-minnugir-eru-hestar\/","name":"HVERSU MINNUGIR ERU HESTAR? - Hestasaga","isPartOf":{"@id":"https:\/\/www.hestasaga.com\/en\/#website"},"datePublished":"2020-07-23T22:15:09+00:00","dateModified":"2020-07-21T08:42:53+00:00","breadcrumb":{"@id":"https:\/\/www.hestasaga.com\/is\/2020\/07\/24\/hversu-minnugir-eru-hestar\/#breadcrumb"},"inLanguage":"is","potentialAction":[{"@type":"ReadAction","target":["https:\/\/www.hestasaga.com\/is\/2020\/07\/24\/hversu-minnugir-eru-hestar\/"]}]},{"@type":"BreadcrumbList","@id":"https:\/\/www.hestasaga.com\/is\/2020\/07\/24\/hversu-minnugir-eru-hestar\/#breadcrumb","itemListElement":[{"@type":"ListItem","position":1,"name":"Startseite","item":"https:\/\/www.hestasaga.com\/is\/"},{"@type":"ListItem","position":2,"name":"HVERSU MINNUGIR ERU HESTAR?"}]},{"@type":"WebSite","@id":"https:\/\/www.hestasaga.com\/en\/#website","url":"https:\/\/www.hestasaga.com\/en\/","name":"Hestasaga","description":"","publisher":{"@id":"https:\/\/www.hestasaga.com\/en\/#organization"},"potentialAction":[{"@type":"SearchAction","target":{"@type":"EntryPoint","urlTemplate":"https:\/\/www.hestasaga.com\/en\/?s={search_term_string}"},"query-input":"required name=search_term_string"}],"inLanguage":"is"},{"@type":"Organization","@id":"https:\/\/www.hestasaga.com\/en\/#organization","name":"HestaSaga","url":"https:\/\/www.hestasaga.com\/en\/","sameAs":["https:\/\/www.instagram.com\/hestasaga\/","https:\/\/www.facebook.com\/hestasaga\/","https:\/\/twitter.com\/Hestasaga"],"logo":{"@type":"ImageObject","inLanguage":"is","@id":"https:\/\/www.hestasaga.com\/en\/#\/schema\/logo\/image\/","url":"https:\/\/www.hestasaga.com\/wp-content\/uploads\/hestasaga_logo.png","contentUrl":"https:\/\/www.hestasaga.com\/wp-content\/uploads\/hestasaga_logo.png","width":600,"height":214,"caption":"HestaSaga"},"image":{"@id":"https:\/\/www.hestasaga.com\/en\/#\/schema\/logo\/image\/"}},{"@type":"Person","@id":"https:\/\/www.hestasaga.com\/en\/#\/schema\/person\/6a39392b6cfc932dba2fa37469b6842a","name":"Monika Papenfuss","image":{"@type":"ImageObject","inLanguage":"is","@id":"https:\/\/www.hestasaga.com\/en\/#\/schema\/person\/image\/","url":"https:\/\/secure.gravatar.com\/avatar\/b9cc76bc615e2efc42c9bbcb4d13c1b8?s=96&d=mm&r=g","contentUrl":"https:\/\/secure.gravatar.com\/avatar\/b9cc76bc615e2efc42c9bbcb4d13c1b8?s=96&d=mm&r=g","caption":"Monika Papenfuss"},"url":"https:\/\/www.hestasaga.com\/is\/author\/monika-papenfuss\/"}]}},"_links":{"self":[{"href":"https:\/\/www.hestasaga.com\/is\/wp-json\/wp\/v2\/posts\/1104"}],"collection":[{"href":"https:\/\/www.hestasaga.com\/is\/wp-json\/wp\/v2\/posts"}],"about":[{"href":"https:\/\/www.hestasaga.com\/is\/wp-json\/wp\/v2\/types\/post"}],"author":[{"embeddable":true,"href":"https:\/\/www.hestasaga.com\/is\/wp-json\/wp\/v2\/users\/2"}],"replies":[{"embeddable":true,"href":"https:\/\/www.hestasaga.com\/is\/wp-json\/wp\/v2\/comments?post=1104"}],"version-history":[{"count":14,"href":"https:\/\/www.hestasaga.com\/is\/wp-json\/wp\/v2\/posts\/1104\/revisions"}],"predecessor-version":[{"id":7223,"href":"https:\/\/www.hestasaga.com\/is\/wp-json\/wp\/v2\/posts\/1104\/revisions\/7223"}],"wp:featuredmedia":[{"embeddable":true,"href":"https:\/\/www.hestasaga.com\/is\/wp-json\/wp\/v2\/media\/651"}],"wp:attachment":[{"href":"https:\/\/www.hestasaga.com\/is\/wp-json\/wp\/v2\/media?parent=1104"}],"wp:term":[{"taxonomy":"category","embeddable":true,"href":"https:\/\/www.hestasaga.com\/is\/wp-json\/wp\/v2\/categories?post=1104"},{"taxonomy":"post_tag","embeddable":true,"href":"https:\/\/www.hestasaga.com\/is\/wp-json\/wp\/v2\/tags?post=1104"},{"taxonomy":"series","embeddable":true,"href":"https:\/\/www.hestasaga.com\/is\/wp-json\/wp\/v2\/series?post=1104"},{"taxonomy":"speaker","embeddable":true,"href":"https:\/\/www.hestasaga.com\/is\/wp-json\/wp\/v2\/speaker?post=1104"}],"curies":[{"name":"wp","href":"https:\/\/api.w.org\/{rel}","templated":true}]}}