{"id":1084,"date":"2020-07-10T00:19:51","date_gmt":"2020-07-09T22:19:51","guid":{"rendered":"http:\/\/neu.hestasaga.com\/?p=1084"},"modified":"2020-07-09T17:40:51","modified_gmt":"2020-07-09T15:40:51","slug":"ogleymanlegur-hestur","status":"publish","type":"post","link":"https:\/\/www.hestasaga.com\/is\/2020\/07\/10\/ogleymanlegur-hestur\/","title":{"rendered":"\u00d3GLEYMANLEGUR HESTUR"},"content":{"rendered":"\n<p class=\"has-background has-cyan-bluish-gray-background-color\">\u00dea\u00f0 getur veri\u00f0 erfitt og vandasamt verk a\u00f0 \u00fej\u00e1lfa hesta eftir alvarleg mei\u00f0sli. H\u00e9r \u00e1 eftir fer s\u00e9rst\u00e6\u00f0 saga af st\u00f3\u00f0hesti sem ungri konu t\u00f3kst a\u00f0 byggja upp b\u00e6\u00f0i l\u00edkamlega og andlega eftir alvarleg f\u00f3tamei\u00f0sli og n\u00e1 \u00f3tr\u00falegum \u00e1rangri me\u00f0 honum \u00e1 keppnisbrautinni.<\/p>\n\n\n\n<figure class=\"wp-block-image\"><img fetchpriority=\"high\" width=\"1000\" height=\"752\" src=\"https:\/\/www.hestasaga.com\/wp-content\/uploads\/HS-103.jpg\" alt=\"\" class=\"wp-image-416\" srcset=\"https:\/\/www.hestasaga.com\/wp-content\/uploads\/HS-103.jpg 1000w, https:\/\/www.hestasaga.com\/wp-content\/uploads\/HS-103-300x226.jpg 300w, https:\/\/www.hestasaga.com\/wp-content\/uploads\/HS-103-768x578.jpg 768w\" sizes=\"(max-width: 1000px) 100vw, 1000px\" \/><\/figure>\n\n\n\n<p class=\"has-drop-cap\"><br>Stundum finnst m\u00e9r eins  og \u00fea\u00f0 s\u00e9 sm\u00e1 sannleikskorn \u00ed hestas\u00f6gunum sem \u00e9g las sem barn. Ung  st\u00falka hr\u00edfst af viltum, \u00f3t\u00f6mdum st\u00f3\u00f0hesti. Me\u00f0 t\u00edmanum \u00fe\u00fd\u00f0ist  st\u00f3\u00f0hesturinn ungu st\u00falkuna og h\u00fan er s\u00fa eina sem getur ri\u00f0i\u00f0 honum. \u00c1  endanum ver\u00f0a \u00feau sigurvegarar \u00ed keppni. J\u00e1, s\u00e6ll\u2026 dreymi \u00feig bara  \u00e1fram\u2026<\/p>\n\n\n\n<p>Hesturinn var a\u00f0eins tveggja vetra \u00feegar hann kom me\u00f0 slitna sin \nbeint af d\u00fdrasp\u00edtalanum til okkar. \u00dea\u00f0 versta var af sta\u00f0i\u00f0, en hann var\n langt fr\u00e1 \u00fev\u00ed a\u00f0 vera b\u00fainn a\u00f0 n\u00e1 s\u00e9r. \u00c1 framanver\u00f0um afturf\u00e6ti haf\u00f0i \nsinin fari\u00f0 \u00ed sundur. \u00c1n stu\u00f0nings var f\u00f3turinn mj\u00f6g \u00f3st\u00f6\u00f0ugur um \nkj\u00fakuna. Auk \u00feess var hesturinn algj\u00f6rlega b\u00fainn a\u00f0 glata \u00f6llu trausti \ntil mannsins.<\/p>\n\n\n\n<p>Hann var lj\u00f3nstyggur og l\u00e9t ekki n\u00e1 s\u00e9r, jafnvel \u00ed st\u00edunni var erfitt  a\u00f0 koma \u00e1 hann m\u00fal,&nbsp; sem ger\u00f0i \u00fea\u00f0 n\u00e6stum \u00f3m\u00f6gulegt fyrir okkur a\u00f0  skipta um s\u00e1rabindi \u00e1 f\u00e6tinum. Hann vildi ekki l\u00e1ta snerta \u00e1 s\u00e9r f\u00f3tinn.  Um lei\u00f0 og hann fann a\u00f0 f\u00e6tinum var haldi\u00f0 fast,&nbsp; kippti hann honum  strax a\u00f0 s\u00e9r. <\/p>\n\n\n\n<p>Sennilega var hann ekki b\u00fainn a\u00f0 gleyma hvernig hann l\u00e1  fastur me\u00f0 afturf\u00f3tinn \u00ed rafmagnsgir\u00f0ingunni og var trylltur af s\u00e1rsauka  fr\u00e1 rafmagnsh\u00f6ggunum. \u00c1 d\u00fdrasp\u00edtalanum var\u00f0 a\u00f0 h\u00e1lfsv\u00e6fa hann \u00ed hvert  skipti sem skipta \u00feurfi um s\u00e1rabindi \u00e1 f\u00e6tinum.<\/p>\n\n\n\n<p>Til a\u00f0 byrja me\u00f0 \u00feurftum vi\u00f0 a\u00f0 skipta um bindi daglega. \u00dea\u00f0 var \nmikil vinna og \u00feurfti a\u00f0 gefa honum talsvert magn af r\u00f3andi lyfjum til \na\u00f0 \u00fea\u00f0 t\u00e6kist. \u00dea\u00f0 var \u00fe\u00fd\u00f0ingarlaust a\u00f0 reyna a\u00f0 snerta f\u00f3tinn og \njafnvel h\u00e6ttulegt standa of n\u00e1l\u00e6gt honum. Hann vildi ekki \u00fe\u00fd\u00f0ast manninn\n og vildi \u00ed rauninni ekkert me\u00f0 okkur hafa a\u00f0 gera.<\/p>\n\n\n\n<p>S\u00ed\u00f0an rann dagurinn upp, sem hann var teymdur \u00fat \u00far st\u00edunni. S\u00e1ri\u00f0 \nvar gr\u00f3i\u00f0 \u00e1 yfirbor\u00f0inu, en st\u00f3rt \u00f6r og b\u00f3lga b\u00e1ru vitni um me\u00f0slin. \u00dea\u00f0\n var \u00e6vint\u00fdri l\u00edkast a\u00f0 teyma hann \u00fat. Mestan hluta hins stutta l\u00edfs \n\u00feessa hests haf\u00f0i hann veri\u00f0 loka\u00f0ur inni \u00ed st\u00edum. Hann haf\u00f0i fari\u00f0 \u00e1 \nmis vi\u00f0 allt \u00fea\u00f0 sem unghrossin okkar f\u00e1 almennt a\u00f0 upplifa \u00feegar \u00feau \neru saman frj\u00e1ls \u00fati \u00ed haga.<\/p>\n\n\n\n<p>\u00deessi fyrsti dagur sem hann f\u00e9kk a\u00f0 fara \u00fat er eftirminnilegur fyrir  alla sem \u00e1 horf\u00f0u. \u00dea\u00f0 var allt n\u00fdtt fyrir honum, skuggar, pollar, tr\u00e9  og runnar. Og varla var b\u00fai\u00f0 a\u00f0 sleppa honum \u00feegar hann f\u00f3r \u00ed loftk\u00f6stum  um ger\u00f0i\u00f0. Loksins gat hann hreyft sig eftir allan \u00feennan t\u00edma. <\/p>\n\n\n\n<div class=\"wp-block-image\"><figure class=\"alignleft is-resized\"><img src=\"https:\/\/www.hestasaga.com\/wp-content\/uploads\/HS-Fannar-4-769x1024.jpg\" alt=\"\" class=\"wp-image-504\" width=\"474\" height=\"631\" srcset=\"https:\/\/www.hestasaga.com\/wp-content\/uploads\/HS-Fannar-4-769x1024.jpg 769w, https:\/\/www.hestasaga.com\/wp-content\/uploads\/HS-Fannar-4-225x300.jpg 225w, https:\/\/www.hestasaga.com\/wp-content\/uploads\/HS-Fannar-4-768x1022.jpg 768w, https:\/\/www.hestasaga.com\/wp-content\/uploads\/HS-Fannar-4.jpg 800w\" sizes=\"(max-width: 474px) 100vw, 474px\" \/><\/figure><\/div>\n\n\n\n<p>Hreyft sig eins hann lysti. \u00c9g hef sjaldan s\u00e9\u00f0 hest fagna frelsinu eins miki\u00f0  og \u00feennan. Enn \u00feann dag \u00ed dag hefur hann gaman af \u00fev\u00ed a\u00f0 hreyfa sig.  Hann lifir fyrir a\u00f0 f\u00e1 a\u00f0 hreyfa sig. Hoppar um, hleypur, stekkur og  skvettir s\u00e9r. \u00dea\u00f0 vir\u00f0ist vera jafn mikilv\u00e6gt fyrir hann a\u00f0 f\u00e1 a\u00f0 hreyfa  sig og a\u00f0 anda a\u00f0 s\u00e9r s\u00farefni. Kannski hefur hann einhvern grun um, a\u00f0 \u00e1  t\u00edmabili vissi enginn hvort hann myndi nokkurn t\u00edma geta hreyft sig \u00e1  \u00feennan h\u00e1tt aftur.<\/p>\n\n\n\n<p>Hann virtist flj\u00f3tur a\u00f0 venjast sj\u00fakraj\u00e1rningunni. Vi\u00f0 g\u00e1tum \u00fev\u00ed  fari\u00f0 me\u00f0 hann \u00ed unghrossad\u00f3m og \u00fear me\u00f0 fengi\u00f0 hann skr\u00e1\u00f0an \u00ed \u00fe\u00fdska  \u00e6ttb\u00f3k. \u00dea\u00f0 var st\u00f3rt skref fyrir okkur og t\u00edmabil vonarinnar h\u00f3fst.  Yr\u00f0i kannski einhvern t\u00edman h\u00e6gt a\u00f0 nota hann til rei\u00f0ar? <\/p>\n\n\n\n<p>Eftir a\u00f0 hann  haf\u00f0i fengi\u00f0 a\u00f0 fylja fyrstu merina s\u00edna, var au\u00f0veldara a\u00f0 m\u00fdla hann \u00ed  st\u00edunni, \u00fev\u00ed hann vona\u00f0i a\u00f0 vi\u00f0 myndi teyma hann aftur til hryssu. Eftir  \u00ferotlausar \u00e6fingar fengum vi\u00f0 svo loksins a\u00f0 snerta s\u00e6r\u00f0a f\u00f3tinn.<\/p>\n\n\n\n<p>S\u00ed\u00f0an var byrja\u00f0 a\u00f0 temja hann. Mj\u00f6g varlega fyrst \u00ed sta\u00f0, en \u00fear sem\n \u00fea\u00f0 virtist ekki hafa nein \u00e1hrif \u00e1 veika f\u00f3tinn var haldi\u00f0 \u00e1fram. Me\u00f0 \nt\u00edmanum f\u00f3r hann s\u00e6tta sig vi\u00f0 manninn, \u00fe\u00f3 eftir sem \u00e1\u00f0ur v\u00e6ri hann mj\u00f6g\n tortrygginn. Hann taldi sig ekki eiga g\u00f3\u00f0s a\u00f0 v\u00e6nta af mannf\u00f3lkinu. \nHann vildi miklu frekar f\u00e1 a\u00f0 vera l\u00e1tinn \u00ed fri\u00f0i. En vi\u00f0 vorum \u00e1 lei\u00f0 \u00ed\n r\u00e9tt \u00e1tt me\u00f0 hann.<\/p>\n\n\n\n<p>Einn g\u00f3\u00f0an ve\u00f0urdag var hann sleginn \u00ed veika f\u00f3tinn af st\u00f3\u00f0hryssu. \nHann var\u00f0 strax draghaltur og f\u00f3turinn b\u00f3lgna\u00f0i \u00e1 augnarbliki. \u00dea\u00f0 \u00fe\u00fdddi\n a\u00f0 hann f\u00e9kk h\u00e1lfs\u00e1rsfr\u00ed. Vi\u00f0 vissum \u00ed rauninni ekki hvort b\u00f3lgan myndi\n nokkurn t\u00edma hja\u00f0na. \u00deegar hann var loksins or\u00f0inn \u00f3haltur byrju\u00f0um vi\u00f0\n a\u00f0 \u00fej\u00e1lfa hann aftur ofurvarlega fyrst \u00ed sta\u00f0.<\/p>\n\n\n\n<p>\u00deegar vi\u00f0 vorum b\u00fain a\u00f0 temja hann meira langa\u00f0i okkur til a\u00f0 f\u00e1 \natvinnurei\u00f0mann til a\u00f0 s\u00fdna hann \u00ed kynb\u00f3tad\u00f3mi. En hann \u00e1tti erfitt me\u00f0 \na\u00f0 treysta n\u00fdjum knapa, \u00feannig a\u00f0 \u00e9g f\u00e9kk a\u00f0 \u00fej\u00e1lfa hann allan veturinn.\n Einhvern veginn gekk \u00fea\u00f0 d\u00e6mi upp og hann h\u00e6tti flj\u00f3tlega a\u00f0 vantreysta\n manninum. Fr\u00e1 \u00fev\u00ed a\u00f0 \u00e9g byrja\u00f0i a\u00f0 r\u00ed\u00f0a honum dugir m\u00e9r a\u00f0 kalla og \nhann kemur, oft \u00e1 har\u00f0ast\u00f6kki.<\/p>\n\n\n\n<p>\u00cd rei\u00f0t\u00edmum upplifum vi\u00f0 \u00f3tr\u00falega hluti. Hann er mj\u00f6g einbeittur og \n\u00e1hugasamur. \u00c9g finn \u00e1 hreyfingum hans hvernig&nbsp; hann gengur og finn a\u00f0 \nhann setur f\u00f3tinn ni\u00f0ur n\u00e1kv\u00e6mlega \u00fear sem \u00e9g vil hafa hann. Hann hefur \nsvo gaman af \u00fev\u00ed a\u00f0 hreyfa sig og hann geislar af j\u00e1kv\u00e6\u00f0ri orku, \u00feannig \na\u00f0 \u00e9g get ekki anna\u00f0 en veri\u00f0 \u00e1n\u00e6g\u00f0 me\u00f0 \u00e1rangurinn og \u00fea\u00f0 er toppurinn \u00e1\n tilverunni.<\/p>\n\n\n\n<p>\u00c9g gat varla tala\u00f0 e\u00f0a hugsa\u00f0 um anna\u00f0 en hann fyrstu dagana \u00e1 eftir.  S\u00fa hugsun a\u00f0 hann b\u00ed\u00f0i eftir a\u00f0 \u00e9g komi til hans f\u00e6r mig til a\u00f0 lj\u00f3ma  a\u00f0 innan. &nbsp;\u00c9g held a\u00f0 \u00fea\u00f0 sj\u00e1ist \u00e1 okkur hva\u00f0 vi\u00f0 erum \u00e1n\u00e6g\u00f0 me\u00f0 hvort  anna\u00f0. \u00c9g vona a\u00f0 ekkert komi upp\u00e1 og \u00fea\u00f0 haldi \u00e1fram a\u00f0 ganga svona vel  me\u00f0 hann. <\/p>\n\n\n\n<p>Hann stendur alltaf vi\u00f0 hli\u00f0i\u00f0 \u00feegar \u00e9g kem a\u00f0 s\u00e6kja hann.  \u00dea\u00f0 er eins og hann viti alltaf n\u00e1kv\u00e6mlega hven\u00e6r \u00e9g kem. E\u00f0a kannski  heyrir hann \u00ed m\u00e9r mun fyrr en \u00e9g geri m\u00e9r grein fyrir. \u00dea\u00f0 er \u00f3tr\u00falegt  a\u00f0 upplifa \u00feetta og mj\u00f6g mikils vir\u00f0i fyrir mig.<\/p>\n\n\n\n<p>Fyrsta m\u00f3ti\u00f0 okkar saman gekk ekki vel. Hann s\u00fdndi reyndar hva\u00f0 \u00ed \nhonum bj\u00f3 og var hreyfingarfallegur, en hlj\u00f3\u00f0kerfi\u00f0 og plak\u00f6tin voru \na\u00f0eins og miki\u00f0 fyrir hann. &nbsp;Honum fannst \u00f6ruggara a\u00f0 fara inn \u00ed mi\u00f0jan \nhringinn en vera \u00e1 keppnisbrautinni. \u00dea\u00f0 v\u00edst ekki h\u00e6gt a\u00f0 \u00e6tlast til \n\u00feess a\u00f0 allar \u00f3skir r\u00e6tist.<\/p>\n\n\n\n<figure class=\"wp-block-image\"><img src=\"https:\/\/www.hestasaga.com\/wp-content\/uploads\/2018\/06\/HS-Fannar-2.jpg\" alt=\"\"\/><\/figure>\n\n\n\n<p><br>\u00c1 n\u00e6sta m\u00f3ti gekk fr\u00e1b\u00e6rlega vel \u00fev\u00ed \u00e9g var b\u00fain a\u00f0 b\u00faa hann  betur undir \u00fea\u00f0 sem \u00e9g \u00e6tla\u00f0ist til af honum. Vi\u00f0 komum \u00e1 keppnista\u00f0inn  seint \u00e1 f\u00f6studagskv\u00f6ld. \u00dea\u00f0 var or\u00f0i\u00f0 dimmt og hann var mj\u00f6g \u00f3r\u00f3legur.  Samt \u00e1kva\u00f0 \u00e9g a\u00f0 s\u00fdna honum brautina og r\u00ed\u00f0a einn hring. Hann var  \u00f3r\u00f3legur, \u00fea\u00f0 var or\u00f0i\u00f0 dimmt og hann var me\u00f0 hugann vi\u00f0 eitthva\u00f0 allt  anna\u00f0 en a\u00f0 fara me\u00f0 mig r\u00f3lega einn hring \u00e1 brautinni.<\/p>\n\n\n\n<p>N\u00e6sta morgunn hleypti \u00e9g honum \u00fat og leyf\u00f0i honum a\u00f0 hlaupa a\u00f0eins  um. \u00deegar vi\u00f0 vorum svo komin inn \u00e1 hringv\u00f6llinn gekk allt upp. \u00c9g held  a\u00f0 \u00e9g hafi ekki \u00feurft a\u00f0 gera anna\u00f0 en a\u00f0 gefa honum bendingar \u00e1 hva\u00f0a  gangtegungd hann \u00e6tti a\u00f0 fara. \u00c9g reyndi bara a\u00f0 stj\u00f3rna hra\u00f0anum og  trufla ekki taktinn. <\/p>\n\n\n\n<p>\u00cd undanr\u00e1sum vorum vi\u00f0 \u00ed fyrsta s\u00e6ti \u00ed fj\u00f3rgangi.  \u00c9g var viss um a\u00f0 vi\u00f0 g\u00e6tum haldi\u00f0 s\u00e6tinu. Og s\u00fa var raunin, \u00fev\u00ed vi\u00f0  unnum fj\u00f3rganginn um kv\u00f6ldi\u00f0. \u00c9g er mj\u00f6g stolt af honum og \u00fev\u00ed \u00e9g veit  a\u00f0 \u00fea\u00f0 er ekki sj\u00e1lfsagt a\u00f0 hann skuli geta hreyft sig \u00e1 \u00feennan h\u00e1tt.  <\/p>\n\n\n\n<p>Okkur gengur s\u00edfellt betur og betur, en \u00e9g geri m\u00e9r grein fyrir \u00fev\u00ed a\u00f0  \u00fea\u00f0 eru takm\u00f6rk og \u00e9g ver\u00f0 a\u00f0 passa upp \u00e1 f\u00f3tinn. Hamingjus\u00f6must er \u00e9g  \u00feegar hann leggur h\u00f6fu\u00f0i\u00f0 \u00ed kj\u00f6ltuna \u00e1 m\u00e9r.<\/p>\n\n\n\n<p>En n\u00fa er svo komi\u00f0 a\u00f0 \u00e9g get gert svo til allt me\u00f0 honum og \u00fea\u00f0 er \naldrei lei\u00f0inlegt. Vi\u00f0 erum st\u00f6\u00f0ugt a\u00f0 b\u00e6ta okkur og l\u00e6r\u00e1 \u00e1 hvort anna\u00f0.\n Stundum stend \u00e9g fyrir framan hann og horfi bara. Mig gruna\u00f0i ekki a\u00f0 \nhann yr\u00f0i svona fr\u00e1b\u00e6r rei\u00f0hestur og a\u00f0 hann skildi velja mig til a\u00f0 \nmega nj\u00f3ta \u00feess a\u00f0 f\u00e1 a\u00f0 vera \u00e1 baki hans.<\/p>\n\n\n\n<p>\u00c1 kv\u00f6ldin \u00feegar \u00e9g geng \u00fat a\u00f0 gir\u00f0ingunni og s\u00e9 d\u00f6kkan skugga f\u00e6rast \nhlj\u00f3\u00f0lega \u00ed \u00e1ttina til m\u00edn, er m\u00e9r alveg sama hversu seint e\u00f0a dimmt er \nor\u00f0i\u00f0. \u00dea\u00f0 er svo yndislegt a\u00f0 upplifa hvert skref sem hann tekur \u00ed \n\u00e1ttina til m\u00edn. \u00c9g finn a\u00f0 m\u00e9r \u00feykir alltaf meira og meira v\u00e6nt um hann.<\/p>\n\n\n\n<p>Takk elsku karlinn minn! <\/p>\n\n\n\n<p class=\"has-medium-font-size\"><br><strong>Gwendolin Simper<\/strong><br>                                                                                                                                                                  <\/p>\n\n\n\n<p class=\"has-text-align-right\"><em><strong>\u00de\u00fdtt \u00far \u00fe\u00fdsku<\/strong><\/em><\/p>\n","protected":false},"excerpt":{"rendered":"<p>Falleg saga um samband milli ungrar konu og hests og hvernig h\u00fan vinnur traust hestsins eftir alvarleg mei\u00f0sli<\/p>\n","protected":false},"author":2,"featured_media":416,"comment_status":"open","ping_status":"closed","sticky":false,"template":"","format":"standard","meta":{"episode_type":"audio","audio_file":"","cover_image":"","cover_image_id":"","duration":"","filesize":"","date_recorded":"","explicit":"","block":"","filesize_raw":""},"categories":[56,43,45],"tags":[],"series":[],"speaker":[],"acf":[],"episode_featured_image":"https:\/\/www.hestasaga.com\/wp-content\/uploads\/HS-103.jpg","episode_player_image":"https:\/\/www.hestasaga.com\/wp-content\/uploads\/podcast-img-scaled.jpg","download_link":"","player_link":"","audio_player":false,"episode_data":{"playerMode":"dark","subscribeUrls":[],"rssFeedUrl":"https:\/\/www.hestasaga.com\/is\/feed\/podcast\/hestasaga","embedCode":"<blockquote class=\"wp-embedded-content\" data-secret=\"FjpSsaUC6l\"><a href=\"https:\/\/www.hestasaga.com\/is\/2020\/07\/10\/ogleymanlegur-hestur\/\">\u00d3GLEYMANLEGUR HESTUR<\/a><\/blockquote><iframe sandbox=\"allow-scripts\" security=\"restricted\" src=\"https:\/\/www.hestasaga.com\/is\/2020\/07\/10\/ogleymanlegur-hestur\/embed\/#?secret=FjpSsaUC6l\" width=\"500\" height=\"350\" title=\"&#8220;\u00d3GLEYMANLEGUR HESTUR&#8221; &#8212; Hestasaga\" data-secret=\"FjpSsaUC6l\" frameborder=\"0\" marginwidth=\"0\" marginheight=\"0\" scrolling=\"no\" class=\"wp-embedded-content\"><\/iframe><script type=\"text\/javascript\">\n\/*! This file is auto-generated *\/\n!function(c,d){\"use strict\";var e=!1,o=!1;if(d.querySelector)if(c.addEventListener)e=!0;if(c.wp=c.wp||{},c.wp.receiveEmbedMessage);else if(c.wp.receiveEmbedMessage=function(e){var t=e.data;if(!t);else if(!(t.secret||t.message||t.value));else if(\/[^a-zA-Z0-9]\/.test(t.secret));else{for(var r,s,a,i=d.querySelectorAll('iframe[data-secret=\"'+t.secret+'\"]'),n=d.querySelectorAll('blockquote[data-secret=\"'+t.secret+'\"]'),o=new RegExp(\"^https?:$\",\"i\"),l=0;l<n.length;l++)n[l].style.display=\"none\";for(l=0;l<i.length;l++)if(r=i[l],e.source!==r.contentWindow);else{if(r.removeAttribute(\"style\"),\"height\"===t.message){if(1e3<(s=parseInt(t.value,10)))s=1e3;else if(~~s<200)s=200;r.height=s}if(\"link\"===t.message)if(s=d.createElement(\"a\"),a=d.createElement(\"a\"),s.href=r.getAttribute(\"src\"),a.href=t.value,!o.test(a.protocol));else if(a.host===s.host)if(d.activeElement===r)c.top.location.href=t.value}}},e)c.addEventListener(\"message\",c.wp.receiveEmbedMessage,!1),d.addEventListener(\"DOMContentLoaded\",t,!1),c.addEventListener(\"load\",t,!1);function t(){if(o);else{o=!0;for(var e,t,r,s=-1!==navigator.appVersion.indexOf(\"MSIE 10\"),a=!!navigator.userAgent.match(\/Trident.*rv:11\\.\/),i=d.querySelectorAll(\"iframe.wp-embedded-content\"),n=0;n<i.length;n++){if(!(r=(t=i[n]).getAttribute(\"data-secret\")))r=Math.random().toString(36).substr(2,10),t.src+=\"#?secret=\"+r,t.setAttribute(\"data-secret\",r);if(s||a)(e=t.cloneNode(!0)).removeAttribute(\"security\"),t.parentNode.replaceChild(e,t);t.contentWindow.postMessage({message:\"ready\",secret:r},\"*\")}}}}(window,document);\n<\/script>\n"},"yoast_head":"<!-- This site is optimized with the Yoast SEO plugin v19.7.1 - https:\/\/yoast.com\/wordpress\/plugins\/seo\/ -->\n<title>\u00d3GLEYMANLEGUR HESTUR - Hestasaga<\/title>\n<meta name=\"robots\" content=\"index, follow, max-snippet:-1, max-image-preview:large, max-video-preview:-1\" \/>\n<link rel=\"canonical\" href=\"https:\/\/www.hestasaga.com\/is\/2020\/07\/10\/ogleymanlegur-hestur\/\" \/>\n<meta property=\"og:locale\" content=\"is_IS\" \/>\n<meta property=\"og:type\" content=\"article\" \/>\n<meta property=\"og:title\" content=\"\u00d3GLEYMANLEGUR HESTUR - Hestasaga\" \/>\n<meta property=\"og:description\" content=\"Falleg saga um samband milli ungrar konu og hests og hvernig h\u00fan vinnur traust hestsins eftir alvarleg mei\u00f0sli\" \/>\n<meta property=\"og:url\" content=\"https:\/\/www.hestasaga.com\/is\/2020\/07\/10\/ogleymanlegur-hestur\/\" \/>\n<meta property=\"og:site_name\" content=\"Hestasaga\" \/>\n<meta property=\"article:publisher\" content=\"https:\/\/www.facebook.com\/hestasaga\/\" \/>\n<meta property=\"article:published_time\" content=\"2020-07-09T22:19:51+00:00\" \/>\n<meta property=\"article:modified_time\" content=\"2020-07-09T15:40:51+00:00\" \/>\n<meta property=\"og:image\" content=\"https:\/\/www.hestasaga.com\/wp-content\/uploads\/HS-103.jpg\" \/>\n\t<meta property=\"og:image:width\" content=\"1000\" \/>\n\t<meta property=\"og:image:height\" content=\"752\" \/>\n\t<meta property=\"og:image:type\" content=\"image\/jpeg\" \/>\n<meta name=\"author\" content=\"Monika Papenfuss\" \/>\n<meta name=\"twitter:card\" content=\"summary_large_image\" \/>\n<meta name=\"twitter:creator\" content=\"@Hestasaga\" \/>\n<meta name=\"twitter:site\" content=\"@Hestasaga\" \/>\n<meta name=\"twitter:label1\" content=\"Written by\" \/>\n\t<meta name=\"twitter:data1\" content=\"Monika Papenfuss\" \/>\n\t<meta name=\"twitter:label2\" content=\"Est. reading time\" \/>\n\t<meta name=\"twitter:data2\" content=\"8 minutes\" \/>\n<script type=\"application\/ld+json\" class=\"yoast-schema-graph\">{\"@context\":\"https:\/\/schema.org\",\"@graph\":[{\"@type\":\"Article\",\"@id\":\"https:\/\/www.hestasaga.com\/is\/2020\/07\/10\/ogleymanlegur-hestur\/#article\",\"isPartOf\":{\"@id\":\"https:\/\/www.hestasaga.com\/is\/2020\/07\/10\/ogleymanlegur-hestur\/\"},\"author\":{\"name\":\"Monika Papenfuss\",\"@id\":\"https:\/\/www.hestasaga.com\/en\/#\/schema\/person\/6a39392b6cfc932dba2fa37469b6842a\"},\"headline\":\"\u00d3GLEYMANLEGUR HESTUR\",\"datePublished\":\"2020-07-09T22:19:51+00:00\",\"dateModified\":\"2020-07-09T15:40:51+00:00\",\"mainEntityOfPage\":{\"@id\":\"https:\/\/www.hestasaga.com\/is\/2020\/07\/10\/ogleymanlegur-hestur\/\"},\"wordCount\":1583,\"commentCount\":0,\"publisher\":{\"@id\":\"https:\/\/www.hestasaga.com\/en\/#organization\"},\"articleSection\":[\"Minnisver\u00f0ir hestar\",\"Vandam\u00e1lahestur\",\"Vin\u00e1tta\"],\"inLanguage\":\"is\",\"potentialAction\":[{\"@type\":\"CommentAction\",\"name\":\"Comment\",\"target\":[\"https:\/\/www.hestasaga.com\/is\/2020\/07\/10\/ogleymanlegur-hestur\/#respond\"]}]},{\"@type\":\"WebPage\",\"@id\":\"https:\/\/www.hestasaga.com\/is\/2020\/07\/10\/ogleymanlegur-hestur\/\",\"url\":\"https:\/\/www.hestasaga.com\/is\/2020\/07\/10\/ogleymanlegur-hestur\/\",\"name\":\"\u00d3GLEYMANLEGUR HESTUR - Hestasaga\",\"isPartOf\":{\"@id\":\"https:\/\/www.hestasaga.com\/en\/#website\"},\"datePublished\":\"2020-07-09T22:19:51+00:00\",\"dateModified\":\"2020-07-09T15:40:51+00:00\",\"breadcrumb\":{\"@id\":\"https:\/\/www.hestasaga.com\/is\/2020\/07\/10\/ogleymanlegur-hestur\/#breadcrumb\"},\"inLanguage\":\"is\",\"potentialAction\":[{\"@type\":\"ReadAction\",\"target\":[\"https:\/\/www.hestasaga.com\/is\/2020\/07\/10\/ogleymanlegur-hestur\/\"]}]},{\"@type\":\"BreadcrumbList\",\"@id\":\"https:\/\/www.hestasaga.com\/is\/2020\/07\/10\/ogleymanlegur-hestur\/#breadcrumb\",\"itemListElement\":[{\"@type\":\"ListItem\",\"position\":1,\"name\":\"Startseite\",\"item\":\"https:\/\/www.hestasaga.com\/is\/\"},{\"@type\":\"ListItem\",\"position\":2,\"name\":\"\u00d3GLEYMANLEGUR HESTUR\"}]},{\"@type\":\"WebSite\",\"@id\":\"https:\/\/www.hestasaga.com\/en\/#website\",\"url\":\"https:\/\/www.hestasaga.com\/en\/\",\"name\":\"Hestasaga\",\"description\":\"\",\"publisher\":{\"@id\":\"https:\/\/www.hestasaga.com\/en\/#organization\"},\"potentialAction\":[{\"@type\":\"SearchAction\",\"target\":{\"@type\":\"EntryPoint\",\"urlTemplate\":\"https:\/\/www.hestasaga.com\/en\/?s={search_term_string}\"},\"query-input\":\"required name=search_term_string\"}],\"inLanguage\":\"is\"},{\"@type\":\"Organization\",\"@id\":\"https:\/\/www.hestasaga.com\/en\/#organization\",\"name\":\"HestaSaga\",\"url\":\"https:\/\/www.hestasaga.com\/en\/\",\"sameAs\":[\"https:\/\/www.instagram.com\/hestasaga\/\",\"https:\/\/www.facebook.com\/hestasaga\/\",\"https:\/\/twitter.com\/Hestasaga\"],\"logo\":{\"@type\":\"ImageObject\",\"inLanguage\":\"is\",\"@id\":\"https:\/\/www.hestasaga.com\/en\/#\/schema\/logo\/image\/\",\"url\":\"https:\/\/www.hestasaga.com\/wp-content\/uploads\/hestasaga_logo.png\",\"contentUrl\":\"https:\/\/www.hestasaga.com\/wp-content\/uploads\/hestasaga_logo.png\",\"width\":600,\"height\":214,\"caption\":\"HestaSaga\"},\"image\":{\"@id\":\"https:\/\/www.hestasaga.com\/en\/#\/schema\/logo\/image\/\"}},{\"@type\":\"Person\",\"@id\":\"https:\/\/www.hestasaga.com\/en\/#\/schema\/person\/6a39392b6cfc932dba2fa37469b6842a\",\"name\":\"Monika Papenfuss\",\"image\":{\"@type\":\"ImageObject\",\"inLanguage\":\"is\",\"@id\":\"https:\/\/www.hestasaga.com\/en\/#\/schema\/person\/image\/\",\"url\":\"https:\/\/secure.gravatar.com\/avatar\/b9cc76bc615e2efc42c9bbcb4d13c1b8?s=96&d=mm&r=g\",\"contentUrl\":\"https:\/\/secure.gravatar.com\/avatar\/b9cc76bc615e2efc42c9bbcb4d13c1b8?s=96&d=mm&r=g\",\"caption\":\"Monika Papenfuss\"},\"url\":\"https:\/\/www.hestasaga.com\/is\/author\/monika-papenfuss\/\"}]}<\/script>\n<!-- \/ Yoast SEO plugin. -->","yoast_head_json":{"title":"\u00d3GLEYMANLEGUR HESTUR - Hestasaga","robots":{"index":"index","follow":"follow","max-snippet":"max-snippet:-1","max-image-preview":"max-image-preview:large","max-video-preview":"max-video-preview:-1"},"canonical":"https:\/\/www.hestasaga.com\/is\/2020\/07\/10\/ogleymanlegur-hestur\/","og_locale":"is_IS","og_type":"article","og_title":"\u00d3GLEYMANLEGUR HESTUR - Hestasaga","og_description":"Falleg saga um samband milli ungrar konu og hests og hvernig h\u00fan vinnur traust hestsins eftir alvarleg mei\u00f0sli","og_url":"https:\/\/www.hestasaga.com\/is\/2020\/07\/10\/ogleymanlegur-hestur\/","og_site_name":"Hestasaga","article_publisher":"https:\/\/www.facebook.com\/hestasaga\/","article_published_time":"2020-07-09T22:19:51+00:00","article_modified_time":"2020-07-09T15:40:51+00:00","og_image":[{"width":1000,"height":752,"url":"https:\/\/www.hestasaga.com\/wp-content\/uploads\/HS-103.jpg","type":"image\/jpeg"}],"author":"Monika Papenfuss","twitter_card":"summary_large_image","twitter_creator":"@Hestasaga","twitter_site":"@Hestasaga","twitter_misc":{"Written by":"Monika Papenfuss","Est. reading time":"8 minutes"},"schema":{"@context":"https:\/\/schema.org","@graph":[{"@type":"Article","@id":"https:\/\/www.hestasaga.com\/is\/2020\/07\/10\/ogleymanlegur-hestur\/#article","isPartOf":{"@id":"https:\/\/www.hestasaga.com\/is\/2020\/07\/10\/ogleymanlegur-hestur\/"},"author":{"name":"Monika Papenfuss","@id":"https:\/\/www.hestasaga.com\/en\/#\/schema\/person\/6a39392b6cfc932dba2fa37469b6842a"},"headline":"\u00d3GLEYMANLEGUR HESTUR","datePublished":"2020-07-09T22:19:51+00:00","dateModified":"2020-07-09T15:40:51+00:00","mainEntityOfPage":{"@id":"https:\/\/www.hestasaga.com\/is\/2020\/07\/10\/ogleymanlegur-hestur\/"},"wordCount":1583,"commentCount":0,"publisher":{"@id":"https:\/\/www.hestasaga.com\/en\/#organization"},"articleSection":["Minnisver\u00f0ir hestar","Vandam\u00e1lahestur","Vin\u00e1tta"],"inLanguage":"is","potentialAction":[{"@type":"CommentAction","name":"Comment","target":["https:\/\/www.hestasaga.com\/is\/2020\/07\/10\/ogleymanlegur-hestur\/#respond"]}]},{"@type":"WebPage","@id":"https:\/\/www.hestasaga.com\/is\/2020\/07\/10\/ogleymanlegur-hestur\/","url":"https:\/\/www.hestasaga.com\/is\/2020\/07\/10\/ogleymanlegur-hestur\/","name":"\u00d3GLEYMANLEGUR HESTUR - Hestasaga","isPartOf":{"@id":"https:\/\/www.hestasaga.com\/en\/#website"},"datePublished":"2020-07-09T22:19:51+00:00","dateModified":"2020-07-09T15:40:51+00:00","breadcrumb":{"@id":"https:\/\/www.hestasaga.com\/is\/2020\/07\/10\/ogleymanlegur-hestur\/#breadcrumb"},"inLanguage":"is","potentialAction":[{"@type":"ReadAction","target":["https:\/\/www.hestasaga.com\/is\/2020\/07\/10\/ogleymanlegur-hestur\/"]}]},{"@type":"BreadcrumbList","@id":"https:\/\/www.hestasaga.com\/is\/2020\/07\/10\/ogleymanlegur-hestur\/#breadcrumb","itemListElement":[{"@type":"ListItem","position":1,"name":"Startseite","item":"https:\/\/www.hestasaga.com\/is\/"},{"@type":"ListItem","position":2,"name":"\u00d3GLEYMANLEGUR HESTUR"}]},{"@type":"WebSite","@id":"https:\/\/www.hestasaga.com\/en\/#website","url":"https:\/\/www.hestasaga.com\/en\/","name":"Hestasaga","description":"","publisher":{"@id":"https:\/\/www.hestasaga.com\/en\/#organization"},"potentialAction":[{"@type":"SearchAction","target":{"@type":"EntryPoint","urlTemplate":"https:\/\/www.hestasaga.com\/en\/?s={search_term_string}"},"query-input":"required name=search_term_string"}],"inLanguage":"is"},{"@type":"Organization","@id":"https:\/\/www.hestasaga.com\/en\/#organization","name":"HestaSaga","url":"https:\/\/www.hestasaga.com\/en\/","sameAs":["https:\/\/www.instagram.com\/hestasaga\/","https:\/\/www.facebook.com\/hestasaga\/","https:\/\/twitter.com\/Hestasaga"],"logo":{"@type":"ImageObject","inLanguage":"is","@id":"https:\/\/www.hestasaga.com\/en\/#\/schema\/logo\/image\/","url":"https:\/\/www.hestasaga.com\/wp-content\/uploads\/hestasaga_logo.png","contentUrl":"https:\/\/www.hestasaga.com\/wp-content\/uploads\/hestasaga_logo.png","width":600,"height":214,"caption":"HestaSaga"},"image":{"@id":"https:\/\/www.hestasaga.com\/en\/#\/schema\/logo\/image\/"}},{"@type":"Person","@id":"https:\/\/www.hestasaga.com\/en\/#\/schema\/person\/6a39392b6cfc932dba2fa37469b6842a","name":"Monika Papenfuss","image":{"@type":"ImageObject","inLanguage":"is","@id":"https:\/\/www.hestasaga.com\/en\/#\/schema\/person\/image\/","url":"https:\/\/secure.gravatar.com\/avatar\/b9cc76bc615e2efc42c9bbcb4d13c1b8?s=96&d=mm&r=g","contentUrl":"https:\/\/secure.gravatar.com\/avatar\/b9cc76bc615e2efc42c9bbcb4d13c1b8?s=96&d=mm&r=g","caption":"Monika Papenfuss"},"url":"https:\/\/www.hestasaga.com\/is\/author\/monika-papenfuss\/"}]}},"_links":{"self":[{"href":"https:\/\/www.hestasaga.com\/is\/wp-json\/wp\/v2\/posts\/1084"}],"collection":[{"href":"https:\/\/www.hestasaga.com\/is\/wp-json\/wp\/v2\/posts"}],"about":[{"href":"https:\/\/www.hestasaga.com\/is\/wp-json\/wp\/v2\/types\/post"}],"author":[{"embeddable":true,"href":"https:\/\/www.hestasaga.com\/is\/wp-json\/wp\/v2\/users\/2"}],"replies":[{"embeddable":true,"href":"https:\/\/www.hestasaga.com\/is\/wp-json\/wp\/v2\/comments?post=1084"}],"version-history":[{"count":10,"href":"https:\/\/www.hestasaga.com\/is\/wp-json\/wp\/v2\/posts\/1084\/revisions"}],"predecessor-version":[{"id":6286,"href":"https:\/\/www.hestasaga.com\/is\/wp-json\/wp\/v2\/posts\/1084\/revisions\/6286"}],"wp:featuredmedia":[{"embeddable":true,"href":"https:\/\/www.hestasaga.com\/is\/wp-json\/wp\/v2\/media\/416"}],"wp:attachment":[{"href":"https:\/\/www.hestasaga.com\/is\/wp-json\/wp\/v2\/media?parent=1084"}],"wp:term":[{"taxonomy":"category","embeddable":true,"href":"https:\/\/www.hestasaga.com\/is\/wp-json\/wp\/v2\/categories?post=1084"},{"taxonomy":"post_tag","embeddable":true,"href":"https:\/\/www.hestasaga.com\/is\/wp-json\/wp\/v2\/tags?post=1084"},{"taxonomy":"series","embeddable":true,"href":"https:\/\/www.hestasaga.com\/is\/wp-json\/wp\/v2\/series?post=1084"},{"taxonomy":"speaker","embeddable":true,"href":"https:\/\/www.hestasaga.com\/is\/wp-json\/wp\/v2\/speaker?post=1084"}],"curies":[{"name":"wp","href":"https:\/\/api.w.org\/{rel}","templated":true}]}}