{"id":1070,"date":"2022-07-01T13:00:00","date_gmt":"2022-07-01T11:00:00","guid":{"rendered":"http:\/\/neu.hestasaga.com\/?p=1070"},"modified":"2022-09-28T09:46:48","modified_gmt":"2022-09-28T07:46:48","slug":"hundurinn-doni-i-kaupmannahofn","status":"publish","type":"post","link":"https:\/\/www.hestasaga.com\/is\/2022\/07\/01\/hundurinn-doni-i-kaupmannahofn\/","title":{"rendered":"HUNDURINN D\u00d3NI \u00cd KAUPMANNAH\u00d6FN"},"content":{"rendered":"\n<figure class=\"wp-block-image\"><img src=\"https:\/\/www.hestasaga.com\/wp-content\/uploads\/2018\/05\/HS_Doni_2.jpg\" alt=\"\"\/><figcaption><br><\/figcaption><\/figure>\n\n\n\n<p class=\"has-drop-cap\"> Trygg\u00f0 hundanna er flestum m\u00f6nnum kunn. Hundar \u00e1 \u00cdslandi eru ekki eftirb\u00e1tar nafna sinna \u00ed \u00fatl\u00f6ndum, hvorki a\u00f0 trygg\u00f0 n\u00e9 viti. <br><br>Eitt sinn \u00feegar \u00e9g kom til Kaupmannahafnar fr\u00e1 \u00cdslandi, haf\u00f0i \u00e9g hund  me\u00f0 er ,,D\u00f3ni\u201c h\u00e9t. Hann var vitrastur allra \u00edslenskra hunda sem \u00e9g hef  kynnst og a\u00f0 sama skapi tryggur.<\/p>\n\n\n\n<p>\u00deegar \u00e9g gekk fr\u00e1 skipi f\u00f3r \u00e9g samstundis til gistiheimilisins og \u00ed  herbergi\u00f0 mitt sem var \u00e1 annarri h\u00e6\u00f0, n\u00e1l\u00e6gt 5 metra fr\u00e1 j\u00f6r\u00f0u. <\/p>\n\n\n\n<p>\u00deegar \u00e9g  haf\u00f0i veri\u00f0 litla stund heima, \u00feurfti \u00e9g a\u00f0 sinna \u00fdmsum erindum og fara  \u00fat, en vildi ekki fl\u00e6kjast me\u00f0 \u00f3kunnugan hundinn me\u00f0 m\u00e9r. <\/p>\n\n\n\n<p>L\u00e9t \u00fev\u00ed loka  hann inni \u00ed herbergi m\u00ednu og vara\u00f0i \u00fej\u00f3nustust\u00falkuna vi\u00f0, a\u00f0 hleypa  seppa \u00fat. Nokkru s\u00ed\u00f0ar var h\u00fan svo \u00f3g\u00e6tin a\u00f0 opna glugga, en \u00feegar seppi  s\u00e1 \u00fea\u00f0, var hann ekki lengi a\u00f0 hugsa sig um og stekkur \u00fat \u00far  gluggakistunni, 5 metra ni\u00f0ur \u00e1 steinlag\u00f0a g\u00f6tuna, til \u00feess a\u00f0 leita a\u00f0  m\u00e9r. <\/p>\n\n\n<div class=\"wp-block-image\">\n<figure class=\"alignleft is-resized\"><img fetchpriority=\"high\" src=\"https:\/\/www.hestasaga.com\/wp-content\/uploads\/HS_Doni_1-763x1024.jpg\" alt=\"\" class=\"wp-image-474\" width=\"418\" height=\"560\" srcset=\"https:\/\/www.hestasaga.com\/wp-content\/uploads\/HS_Doni_1-763x1024.jpg 763w, https:\/\/www.hestasaga.com\/wp-content\/uploads\/HS_Doni_1-224x300.jpg 224w, https:\/\/www.hestasaga.com\/wp-content\/uploads\/HS_Doni_1-768x1030.jpg 768w, https:\/\/www.hestasaga.com\/wp-content\/uploads\/HS_Doni_1.jpg 800w\" sizes=\"(max-width: 418px) 100vw, 418px\" \/><\/figure><\/div>\n\n\n<p>Hann komst \u00f3skemmdur fr\u00e1 hlaupinu og skaust s\u00edna lei\u00f0 \u00e1n \u00feess a\u00f0  l\u00edta vi\u00f0, \u00fe\u00f3tt til hans v\u00e6ri kalla\u00f0. <\/p>\n\n\n\n<p>Eins og n\u00e6rri m\u00e1 geta, gat hann  ekki fundi\u00f0 mig. <\/p>\n\n\n\n<p>\u00deegar \u00e9g&nbsp; svo kom heim um kv\u00f6ldi\u00f0 og f\u00e9kk fr\u00e9ttirnar  taldi \u00e9g v\u00edst, a\u00f0 \u00e9g myndi aldrei sj\u00e1 hann framar.<\/p>\n\n\n\n<p>En n\u00e6sta morgun kom \u00edslenskur st\u00fadent me\u00f0 hundinn fr\u00e1 Regentsen,  b\u00fasta\u00f0 danskra og \u00edslenskra st\u00fadenta, \u00ed Kaupmannah\u00f6fn. <\/p>\n\n\n\n<p>Kv\u00f6ldi\u00f0 \u00e1\u00f0ur  h\u00f6f\u00f0u tveir \u00edslenskir st\u00fadentar gengi\u00f0 um \u00ed mi\u00f0b\u00e6num og tala\u00f0 saman.  <\/p>\n\n\n\n<p>T\u00f3ku \u00feeir eftir \u00fev\u00ed, a\u00f0 \u00edslenskur hundur hlj\u00f3p fram og aftur um g\u00f6tuna,  \u00fear til hann nemur sta\u00f0ur skammt fr\u00e1 \u00feeim og starir \u00e1 \u00fe\u00e1. <\/p>\n\n\n\n<p>\u00deeir t\u00f6lu\u00f0u  ekkert til hans og skiptu s\u00e9r ekkert af honum, en \u00fe\u00f3 heldur seppi \u00e1  eftir \u00feeim og l\u00e6\u00f0ist me\u00f0 \u00feeim heim til \u00feeirra, \u00e1n \u00feess \u00feeir t\u00e6ku eftir  \u00fev\u00ed. <\/p>\n\n\n\n<p>Hann haf\u00f0i legi\u00f0 um n\u00f3ttina fyrir framan herbergisdyr \u00feeirra \u00e1  Regentsen og var \u00fear um morguninn. Hundurinn haf\u00f0i aldrei fyrr veri\u00f0 \u00ed  Kaupmannah\u00f6fn og gat \u00fev\u00ed ekki vita\u00f0 hvar b\u00fasta\u00f0ur \u00edslenskra st\u00fadenta  var. <\/p>\n\n\n\n<p>Hvorugan \u00feeirra haf\u00f0i hann s\u00e9\u00f0 fyrr og gat \u00fev\u00ed ekki \u00feess vegna  h\u00e6nst a\u00f0 \u00feeim. <\/p>\n\n\n\n<p>En hvernig st\u00f3\u00f0 \u00fe\u00e1 \u00e1 \u00fev\u00ed, a\u00f0 hundurinn velur einmitt \u00feessa menn \u00far \u00f6llum mannfj\u00f6ldanum til a\u00f0 fylgja \u00feeim eftir? <\/p>\n\n\n\n<p>Hann ver\u00f0ur r\u00f3legur, h\u00e6ttir a\u00f0 leita a\u00f0 m\u00e9r og fylgir \u00feeim. H\u00e9r  ver\u00f0ur ekki betur s\u00e9\u00f0, en a\u00f0 hundurinn hafi \u00feekkt \u00edslenskuna fr\u00e1 \u00f6\u00f0rum  or\u00f0ahlj\u00f3m, sem hann heyr\u00f0i og hafi \u00fev\u00ed teki\u00f0 \u00fea\u00f0 r\u00e1\u00f0 a\u00f0 elta \u00fe\u00e1, sem  t\u00f6lu\u00f0u sama m\u00e1l og hann var vanur a\u00f0 heyra. <\/p>\n\n\n\n<p>Ef til vill er \u00fea\u00f0 ofdirfska  a\u00f0 segja, a\u00f0 hann hafi gj\u00f6rt \u00fea\u00f0 \u00ed \u00feeirri von, a\u00f0 hann fyrir \u00feeirra  hj\u00e1lp, frekar en annara, mundi geta fundi\u00f0 mig. <\/p>\n\n\n\n<p>En \u00fea\u00f0 er v\u00edst ekki  ofsagt, a\u00f0 hann hefur \u00feekkt \u00edslenska or\u00f0falli\u00f0 og l\u00edklega m\u00f6rg or\u00f0in,  \u00fev\u00ed \u00fea\u00f0 bar vi\u00f0 s\u00ed\u00f0ar, oftar en einu sinni, a\u00f0 \u00feegar heimamenn nefndu  nafn hans og s\u00f6g\u00f0u fr\u00e1 \u00e1galla einum, er hann haf\u00f0i og sem honum haf\u00f0i  veri\u00f0 hegnt fyrir, a\u00f0 hann var\u00f0 l\u00fapulegur og faldi sig \u00fat \u00ed horni, undir  bor\u00f0i e\u00f0a st\u00f3lum og \u00fea\u00f0 \u00fe\u00f3tt hvorki v\u00e6ri \u00e1 hann horft e\u00f0a gj\u00f6rt nokkurt  einkenni \u00feess, a\u00f0 um hann v\u00e6ri tala\u00f0.<\/p>\n\n\n\n<p>St\u00fadentarnir lifa b\u00e1\u00f0ir og eru n\u00fa or\u00f0nir emb\u00e6ttismenn \u00e1 \u00edslandi. \u00deeir geta sanna\u00f0 s\u00f6gu \u00feessa.<\/p>\n\n\n\n<p class=\"has-medium-font-size\"><br><strong>Tryggvi Gunnarsson <\/strong><br><\/p>\n\n\n\n<p class=\"has-text-align-center\"><br>Upprunalegur titill:&nbsp; &nbsp; &nbsp;<strong>\u201eFar\u00f0u vel me\u00f0 d\u00fdrin\u201c<\/strong>, D\u00fdravinurinn, 2. \u00e1rgangur 1887, 2. tlb., bls. 31-33.<br><br> <strong>Textinn er l\u00edtilsh\u00e1ttar styttur og a\u00f0laga\u00f0ur a\u00f0 n\u00fat\u00edma m\u00e1li og stafsetningu.<\/strong><br><br><\/p>\n\n\n\n<div class=\"wp-container-4 wp-block-columns\">\n<div class=\"wp-container-1 wp-block-column\" style=\"flex-basis:25%\"><\/div>\n\n\n\n<div class=\"wp-container-2 wp-block-column\" style=\"flex-basis:50%\"><div class=\"wp-block-image\">\n<figure class=\"aligncenter is-resized\"><img src=\"https:\/\/www.hestasaga.com\/wp-content\/uploads\/HS_Doni_4-762x1024.jpg\" alt=\"\" class=\"wp-image-477\" width=\"549\" height=\"737\" srcset=\"https:\/\/www.hestasaga.com\/wp-content\/uploads\/HS_Doni_4-762x1024.jpg 762w, https:\/\/www.hestasaga.com\/wp-content\/uploads\/HS_Doni_4-223x300.jpg 223w, https:\/\/www.hestasaga.com\/wp-content\/uploads\/HS_Doni_4-768x1032.jpg 768w, https:\/\/www.hestasaga.com\/wp-content\/uploads\/HS_Doni_4.jpg 800w\" sizes=\"(max-width: 549px) 100vw, 549px\" \/><\/figure><\/div><\/div>\n\n\n\n<div class=\"wp-container-3 wp-block-column\" style=\"flex-basis:25%\"><\/div>\n<\/div>\n","protected":false},"excerpt":{"rendered":"<p>Fr\u00e1s\u00f6gn um \u00edslenskan hund me\u00f0 einstaka &#8222;tungum\u00e1lah\u00e6fileika&#8220;, sem flytur me\u00f0 eiganda s\u00ednum fr\u00e1 Reykjav\u00edk til Kaupmannahafnar. Flj\u00f3tlega eftir komuna til Kaupmannahafnar t\u00fdnir hann h\u00fasb\u00f3nda s\u00ednum, en hundurinn D\u00f3ni deyr ekki r\u00e1\u00f0alaus og tekst \u00e1 \u00e6vint\u00fdralegan h\u00e1tt a\u00f0 finna eiganda sinn aftur!<\/p>\n","protected":false},"author":2,"featured_media":475,"comment_status":"open","ping_status":"closed","sticky":false,"template":"","format":"standard","meta":{"episode_type":"audio","audio_file":"","cover_image":"","cover_image_id":"","duration":"","filesize":"","date_recorded":"","explicit":"","block":"","filesize_raw":""},"categories":[63,50,60,45],"tags":[],"series":[],"speaker":[],"acf":[],"episode_featured_image":"https:\/\/www.hestasaga.com\/wp-content\/uploads\/HS_Doni_2.jpg","episode_player_image":"https:\/\/www.hestasaga.com\/wp-content\/uploads\/podcast-img-scaled.jpg","download_link":"","player_link":"","audio_player":false,"episode_data":{"playerMode":"dark","subscribeUrls":[],"rssFeedUrl":"https:\/\/www.hestasaga.com\/is\/feed\/podcast\/hestasaga","embedCode":"<blockquote class=\"wp-embedded-content\" data-secret=\"d0ool5vqET\"><a href=\"https:\/\/www.hestasaga.com\/is\/2022\/07\/01\/hundurinn-doni-i-kaupmannahofn\/\">HUNDURINN D\u00d3NI \u00cd KAUPMANNAH\u00d6FN<\/a><\/blockquote><iframe sandbox=\"allow-scripts\" security=\"restricted\" src=\"https:\/\/www.hestasaga.com\/is\/2022\/07\/01\/hundurinn-doni-i-kaupmannahofn\/embed\/#?secret=d0ool5vqET\" width=\"500\" height=\"350\" title=\"&#8220;HUNDURINN D\u00d3NI \u00cd KAUPMANNAH\u00d6FN&#8221; &#8212; Hestasaga\" data-secret=\"d0ool5vqET\" frameborder=\"0\" marginwidth=\"0\" marginheight=\"0\" scrolling=\"no\" class=\"wp-embedded-content\"><\/iframe><script type=\"text\/javascript\">\n\/*! This file is auto-generated *\/\n!function(c,d){\"use strict\";var e=!1,o=!1;if(d.querySelector)if(c.addEventListener)e=!0;if(c.wp=c.wp||{},c.wp.receiveEmbedMessage);else if(c.wp.receiveEmbedMessage=function(e){var t=e.data;if(!t);else if(!(t.secret||t.message||t.value));else if(\/[^a-zA-Z0-9]\/.test(t.secret));else{for(var r,s,a,i=d.querySelectorAll('iframe[data-secret=\"'+t.secret+'\"]'),n=d.querySelectorAll('blockquote[data-secret=\"'+t.secret+'\"]'),o=new RegExp(\"^https?:$\",\"i\"),l=0;l<n.length;l++)n[l].style.display=\"none\";for(l=0;l<i.length;l++)if(r=i[l],e.source!==r.contentWindow);else{if(r.removeAttribute(\"style\"),\"height\"===t.message){if(1e3<(s=parseInt(t.value,10)))s=1e3;else if(~~s<200)s=200;r.height=s}if(\"link\"===t.message)if(s=d.createElement(\"a\"),a=d.createElement(\"a\"),s.href=r.getAttribute(\"src\"),a.href=t.value,!o.test(a.protocol));else if(a.host===s.host)if(d.activeElement===r)c.top.location.href=t.value}}},e)c.addEventListener(\"message\",c.wp.receiveEmbedMessage,!1),d.addEventListener(\"DOMContentLoaded\",t,!1),c.addEventListener(\"load\",t,!1);function t(){if(o);else{o=!0;for(var e,t,r,s=-1!==navigator.appVersion.indexOf(\"MSIE 10\"),a=!!navigator.userAgent.match(\/Trident.*rv:11\\.\/),i=d.querySelectorAll(\"iframe.wp-embedded-content\"),n=0;n<i.length;n++){if(!(r=(t=i[n]).getAttribute(\"data-secret\")))r=Math.random().toString(36).substr(2,10),t.src+=\"#?secret=\"+r,t.setAttribute(\"data-secret\",r);if(s||a)(e=t.cloneNode(!0)).removeAttribute(\"security\"),t.parentNode.replaceChild(e,t);t.contentWindow.postMessage({message:\"ready\",secret:r},\"*\")}}}}(window,document);\n<\/script>\n"},"yoast_head":"<!-- This site is optimized with the Yoast SEO plugin v19.7.1 - https:\/\/yoast.com\/wordpress\/plugins\/seo\/ -->\n<title>HUNDURINN D\u00d3NI \u00cd KAUPMANNAH\u00d6FN - Hestasaga<\/title>\n<meta name=\"description\" content=\"Fr\u00e1s\u00f6gn um \u00edslenskan hund me\u00f0 einstaka &quot;tungum\u00e1lah\u00e6fileika&quot;, sem flytur me\u00f0 eiganda s\u00ednum fr\u00e1 Reykjav\u00edk til Kaupmannahafnar. Flj\u00f3tlega eftir komuna til Kaupmannahafnar t\u00fdnir hann h\u00fasb\u00f3nda s\u00ednum, en hundurinn D\u00f3ni deyr ekki r\u00e1\u00f0alaus og tekst \u00e1 \u00e6vint\u00fdralegan h\u00e1tt a\u00f0 finna eiganda sinn aftur!\" \/>\n<meta name=\"robots\" content=\"index, follow, max-snippet:-1, max-image-preview:large, max-video-preview:-1\" \/>\n<link rel=\"canonical\" href=\"https:\/\/www.hestasaga.com\/is\/2022\/07\/01\/hundurinn-doni-i-kaupmannahofn\/\" \/>\n<meta property=\"og:locale\" content=\"is_IS\" \/>\n<meta property=\"og:type\" content=\"article\" \/>\n<meta property=\"og:title\" content=\"HUNDURINN D\u00d3NI \u00cd KAUPMANNAH\u00d6FN - Hestasaga\" \/>\n<meta property=\"og:description\" content=\"Fr\u00e1s\u00f6gn um \u00edslenskan hund me\u00f0 einstaka &quot;tungum\u00e1lah\u00e6fileika&quot;, sem flytur me\u00f0 eiganda s\u00ednum fr\u00e1 Reykjav\u00edk til Kaupmannahafnar. Flj\u00f3tlega eftir komuna til Kaupmannahafnar t\u00fdnir hann h\u00fasb\u00f3nda s\u00ednum, en hundurinn D\u00f3ni deyr ekki r\u00e1\u00f0alaus og tekst \u00e1 \u00e6vint\u00fdralegan h\u00e1tt a\u00f0 finna eiganda sinn aftur!\" \/>\n<meta property=\"og:url\" content=\"https:\/\/www.hestasaga.com\/is\/2022\/07\/01\/hundurinn-doni-i-kaupmannahofn\/\" \/>\n<meta property=\"og:site_name\" content=\"Hestasaga\" \/>\n<meta property=\"article:publisher\" content=\"https:\/\/www.facebook.com\/hestasaga\/\" \/>\n<meta property=\"article:published_time\" content=\"2022-07-01T11:00:00+00:00\" \/>\n<meta property=\"article:modified_time\" content=\"2022-09-28T07:46:48+00:00\" \/>\n<meta property=\"og:image\" content=\"https:\/\/www.hestasaga.com\/wp-content\/uploads\/HS_Doni_2.jpg\" \/>\n\t<meta property=\"og:image:width\" content=\"1200\" \/>\n\t<meta property=\"og:image:height\" content=\"899\" \/>\n\t<meta property=\"og:image:type\" content=\"image\/jpeg\" \/>\n<meta name=\"author\" content=\"Monika Papenfuss\" \/>\n<meta name=\"twitter:card\" content=\"summary_large_image\" \/>\n<meta name=\"twitter:creator\" content=\"@Hestasaga\" \/>\n<meta name=\"twitter:site\" content=\"@Hestasaga\" \/>\n<meta name=\"twitter:label1\" content=\"Written by\" \/>\n\t<meta name=\"twitter:data1\" content=\"Monika Papenfuss\" \/>\n\t<meta name=\"twitter:label2\" content=\"Est. reading time\" \/>\n\t<meta name=\"twitter:data2\" content=\"4 minutes\" \/>\n<script type=\"application\/ld+json\" class=\"yoast-schema-graph\">{\"@context\":\"https:\/\/schema.org\",\"@graph\":[{\"@type\":\"Article\",\"@id\":\"https:\/\/www.hestasaga.com\/is\/2022\/07\/01\/hundurinn-doni-i-kaupmannahofn\/#article\",\"isPartOf\":{\"@id\":\"https:\/\/www.hestasaga.com\/is\/2022\/07\/01\/hundurinn-doni-i-kaupmannahofn\/\"},\"author\":{\"name\":\"Monika Papenfuss\",\"@id\":\"https:\/\/www.hestasaga.com\/en\/#\/schema\/person\/6a39392b6cfc932dba2fa37469b6842a\"},\"headline\":\"HUNDURINN D\u00d3NI \u00cd KAUPMANNAH\u00d6FN\",\"datePublished\":\"2022-07-01T11:00:00+00:00\",\"dateModified\":\"2022-09-28T07:46:48+00:00\",\"mainEntityOfPage\":{\"@id\":\"https:\/\/www.hestasaga.com\/is\/2022\/07\/01\/hundurinn-doni-i-kaupmannahofn\/\"},\"wordCount\":648,\"commentCount\":0,\"publisher\":{\"@id\":\"https:\/\/www.hestasaga.com\/en\/#organization\"},\"articleSection\":[\"D\u00fdras\u00f6gur\",\"Einstakur atbur\u00f0ur\",\"S\u00f6gulegt\",\"Vin\u00e1tta\"],\"inLanguage\":\"is\",\"potentialAction\":[{\"@type\":\"CommentAction\",\"name\":\"Comment\",\"target\":[\"https:\/\/www.hestasaga.com\/is\/2022\/07\/01\/hundurinn-doni-i-kaupmannahofn\/#respond\"]}]},{\"@type\":\"WebPage\",\"@id\":\"https:\/\/www.hestasaga.com\/is\/2022\/07\/01\/hundurinn-doni-i-kaupmannahofn\/\",\"url\":\"https:\/\/www.hestasaga.com\/is\/2022\/07\/01\/hundurinn-doni-i-kaupmannahofn\/\",\"name\":\"HUNDURINN D\u00d3NI \u00cd KAUPMANNAH\u00d6FN - Hestasaga\",\"isPartOf\":{\"@id\":\"https:\/\/www.hestasaga.com\/en\/#website\"},\"datePublished\":\"2022-07-01T11:00:00+00:00\",\"dateModified\":\"2022-09-28T07:46:48+00:00\",\"description\":\"Fr\u00e1s\u00f6gn um \u00edslenskan hund me\u00f0 einstaka \\\"tungum\u00e1lah\u00e6fileika\\\", sem flytur me\u00f0 eiganda s\u00ednum fr\u00e1 Reykjav\u00edk til Kaupmannahafnar. Flj\u00f3tlega eftir komuna til Kaupmannahafnar t\u00fdnir hann h\u00fasb\u00f3nda s\u00ednum, en hundurinn D\u00f3ni deyr ekki r\u00e1\u00f0alaus og tekst \u00e1 \u00e6vint\u00fdralegan h\u00e1tt a\u00f0 finna eiganda sinn aftur!\",\"breadcrumb\":{\"@id\":\"https:\/\/www.hestasaga.com\/is\/2022\/07\/01\/hundurinn-doni-i-kaupmannahofn\/#breadcrumb\"},\"inLanguage\":\"is\",\"potentialAction\":[{\"@type\":\"ReadAction\",\"target\":[\"https:\/\/www.hestasaga.com\/is\/2022\/07\/01\/hundurinn-doni-i-kaupmannahofn\/\"]}]},{\"@type\":\"BreadcrumbList\",\"@id\":\"https:\/\/www.hestasaga.com\/is\/2022\/07\/01\/hundurinn-doni-i-kaupmannahofn\/#breadcrumb\",\"itemListElement\":[{\"@type\":\"ListItem\",\"position\":1,\"name\":\"Startseite\",\"item\":\"https:\/\/www.hestasaga.com\/is\/\"},{\"@type\":\"ListItem\",\"position\":2,\"name\":\"HUNDURINN D\u00d3NI \u00cd KAUPMANNAH\u00d6FN\"}]},{\"@type\":\"WebSite\",\"@id\":\"https:\/\/www.hestasaga.com\/en\/#website\",\"url\":\"https:\/\/www.hestasaga.com\/en\/\",\"name\":\"Hestasaga\",\"description\":\"\",\"publisher\":{\"@id\":\"https:\/\/www.hestasaga.com\/en\/#organization\"},\"potentialAction\":[{\"@type\":\"SearchAction\",\"target\":{\"@type\":\"EntryPoint\",\"urlTemplate\":\"https:\/\/www.hestasaga.com\/en\/?s={search_term_string}\"},\"query-input\":\"required name=search_term_string\"}],\"inLanguage\":\"is\"},{\"@type\":\"Organization\",\"@id\":\"https:\/\/www.hestasaga.com\/en\/#organization\",\"name\":\"HestaSaga\",\"url\":\"https:\/\/www.hestasaga.com\/en\/\",\"sameAs\":[\"https:\/\/www.instagram.com\/hestasaga\/\",\"https:\/\/www.facebook.com\/hestasaga\/\",\"https:\/\/twitter.com\/Hestasaga\"],\"logo\":{\"@type\":\"ImageObject\",\"inLanguage\":\"is\",\"@id\":\"https:\/\/www.hestasaga.com\/en\/#\/schema\/logo\/image\/\",\"url\":\"https:\/\/www.hestasaga.com\/wp-content\/uploads\/hestasaga_logo.png\",\"contentUrl\":\"https:\/\/www.hestasaga.com\/wp-content\/uploads\/hestasaga_logo.png\",\"width\":600,\"height\":214,\"caption\":\"HestaSaga\"},\"image\":{\"@id\":\"https:\/\/www.hestasaga.com\/en\/#\/schema\/logo\/image\/\"}},{\"@type\":\"Person\",\"@id\":\"https:\/\/www.hestasaga.com\/en\/#\/schema\/person\/6a39392b6cfc932dba2fa37469b6842a\",\"name\":\"Monika Papenfuss\",\"image\":{\"@type\":\"ImageObject\",\"inLanguage\":\"is\",\"@id\":\"https:\/\/www.hestasaga.com\/en\/#\/schema\/person\/image\/\",\"url\":\"https:\/\/secure.gravatar.com\/avatar\/b9cc76bc615e2efc42c9bbcb4d13c1b8?s=96&d=mm&r=g\",\"contentUrl\":\"https:\/\/secure.gravatar.com\/avatar\/b9cc76bc615e2efc42c9bbcb4d13c1b8?s=96&d=mm&r=g\",\"caption\":\"Monika Papenfuss\"},\"url\":\"https:\/\/www.hestasaga.com\/is\/author\/monika-papenfuss\/\"}]}<\/script>\n<!-- \/ Yoast SEO plugin. -->","yoast_head_json":{"title":"HUNDURINN D\u00d3NI \u00cd KAUPMANNAH\u00d6FN - Hestasaga","description":"Fr\u00e1s\u00f6gn um \u00edslenskan hund me\u00f0 einstaka \"tungum\u00e1lah\u00e6fileika\", sem flytur me\u00f0 eiganda s\u00ednum fr\u00e1 Reykjav\u00edk til Kaupmannahafnar. Flj\u00f3tlega eftir komuna til Kaupmannahafnar t\u00fdnir hann h\u00fasb\u00f3nda s\u00ednum, en hundurinn D\u00f3ni deyr ekki r\u00e1\u00f0alaus og tekst \u00e1 \u00e6vint\u00fdralegan h\u00e1tt a\u00f0 finna eiganda sinn aftur!","robots":{"index":"index","follow":"follow","max-snippet":"max-snippet:-1","max-image-preview":"max-image-preview:large","max-video-preview":"max-video-preview:-1"},"canonical":"https:\/\/www.hestasaga.com\/is\/2022\/07\/01\/hundurinn-doni-i-kaupmannahofn\/","og_locale":"is_IS","og_type":"article","og_title":"HUNDURINN D\u00d3NI \u00cd KAUPMANNAH\u00d6FN - Hestasaga","og_description":"Fr\u00e1s\u00f6gn um \u00edslenskan hund me\u00f0 einstaka \"tungum\u00e1lah\u00e6fileika\", sem flytur me\u00f0 eiganda s\u00ednum fr\u00e1 Reykjav\u00edk til Kaupmannahafnar. Flj\u00f3tlega eftir komuna til Kaupmannahafnar t\u00fdnir hann h\u00fasb\u00f3nda s\u00ednum, en hundurinn D\u00f3ni deyr ekki r\u00e1\u00f0alaus og tekst \u00e1 \u00e6vint\u00fdralegan h\u00e1tt a\u00f0 finna eiganda sinn aftur!","og_url":"https:\/\/www.hestasaga.com\/is\/2022\/07\/01\/hundurinn-doni-i-kaupmannahofn\/","og_site_name":"Hestasaga","article_publisher":"https:\/\/www.facebook.com\/hestasaga\/","article_published_time":"2022-07-01T11:00:00+00:00","article_modified_time":"2022-09-28T07:46:48+00:00","og_image":[{"width":1200,"height":899,"url":"https:\/\/www.hestasaga.com\/wp-content\/uploads\/HS_Doni_2.jpg","type":"image\/jpeg"}],"author":"Monika Papenfuss","twitter_card":"summary_large_image","twitter_creator":"@Hestasaga","twitter_site":"@Hestasaga","twitter_misc":{"Written by":"Monika Papenfuss","Est. reading time":"4 minutes"},"schema":{"@context":"https:\/\/schema.org","@graph":[{"@type":"Article","@id":"https:\/\/www.hestasaga.com\/is\/2022\/07\/01\/hundurinn-doni-i-kaupmannahofn\/#article","isPartOf":{"@id":"https:\/\/www.hestasaga.com\/is\/2022\/07\/01\/hundurinn-doni-i-kaupmannahofn\/"},"author":{"name":"Monika Papenfuss","@id":"https:\/\/www.hestasaga.com\/en\/#\/schema\/person\/6a39392b6cfc932dba2fa37469b6842a"},"headline":"HUNDURINN D\u00d3NI \u00cd KAUPMANNAH\u00d6FN","datePublished":"2022-07-01T11:00:00+00:00","dateModified":"2022-09-28T07:46:48+00:00","mainEntityOfPage":{"@id":"https:\/\/www.hestasaga.com\/is\/2022\/07\/01\/hundurinn-doni-i-kaupmannahofn\/"},"wordCount":648,"commentCount":0,"publisher":{"@id":"https:\/\/www.hestasaga.com\/en\/#organization"},"articleSection":["D\u00fdras\u00f6gur","Einstakur atbur\u00f0ur","S\u00f6gulegt","Vin\u00e1tta"],"inLanguage":"is","potentialAction":[{"@type":"CommentAction","name":"Comment","target":["https:\/\/www.hestasaga.com\/is\/2022\/07\/01\/hundurinn-doni-i-kaupmannahofn\/#respond"]}]},{"@type":"WebPage","@id":"https:\/\/www.hestasaga.com\/is\/2022\/07\/01\/hundurinn-doni-i-kaupmannahofn\/","url":"https:\/\/www.hestasaga.com\/is\/2022\/07\/01\/hundurinn-doni-i-kaupmannahofn\/","name":"HUNDURINN D\u00d3NI \u00cd KAUPMANNAH\u00d6FN - Hestasaga","isPartOf":{"@id":"https:\/\/www.hestasaga.com\/en\/#website"},"datePublished":"2022-07-01T11:00:00+00:00","dateModified":"2022-09-28T07:46:48+00:00","description":"Fr\u00e1s\u00f6gn um \u00edslenskan hund me\u00f0 einstaka \"tungum\u00e1lah\u00e6fileika\", sem flytur me\u00f0 eiganda s\u00ednum fr\u00e1 Reykjav\u00edk til Kaupmannahafnar. Flj\u00f3tlega eftir komuna til Kaupmannahafnar t\u00fdnir hann h\u00fasb\u00f3nda s\u00ednum, en hundurinn D\u00f3ni deyr ekki r\u00e1\u00f0alaus og tekst \u00e1 \u00e6vint\u00fdralegan h\u00e1tt a\u00f0 finna eiganda sinn aftur!","breadcrumb":{"@id":"https:\/\/www.hestasaga.com\/is\/2022\/07\/01\/hundurinn-doni-i-kaupmannahofn\/#breadcrumb"},"inLanguage":"is","potentialAction":[{"@type":"ReadAction","target":["https:\/\/www.hestasaga.com\/is\/2022\/07\/01\/hundurinn-doni-i-kaupmannahofn\/"]}]},{"@type":"BreadcrumbList","@id":"https:\/\/www.hestasaga.com\/is\/2022\/07\/01\/hundurinn-doni-i-kaupmannahofn\/#breadcrumb","itemListElement":[{"@type":"ListItem","position":1,"name":"Startseite","item":"https:\/\/www.hestasaga.com\/is\/"},{"@type":"ListItem","position":2,"name":"HUNDURINN D\u00d3NI \u00cd KAUPMANNAH\u00d6FN"}]},{"@type":"WebSite","@id":"https:\/\/www.hestasaga.com\/en\/#website","url":"https:\/\/www.hestasaga.com\/en\/","name":"Hestasaga","description":"","publisher":{"@id":"https:\/\/www.hestasaga.com\/en\/#organization"},"potentialAction":[{"@type":"SearchAction","target":{"@type":"EntryPoint","urlTemplate":"https:\/\/www.hestasaga.com\/en\/?s={search_term_string}"},"query-input":"required name=search_term_string"}],"inLanguage":"is"},{"@type":"Organization","@id":"https:\/\/www.hestasaga.com\/en\/#organization","name":"HestaSaga","url":"https:\/\/www.hestasaga.com\/en\/","sameAs":["https:\/\/www.instagram.com\/hestasaga\/","https:\/\/www.facebook.com\/hestasaga\/","https:\/\/twitter.com\/Hestasaga"],"logo":{"@type":"ImageObject","inLanguage":"is","@id":"https:\/\/www.hestasaga.com\/en\/#\/schema\/logo\/image\/","url":"https:\/\/www.hestasaga.com\/wp-content\/uploads\/hestasaga_logo.png","contentUrl":"https:\/\/www.hestasaga.com\/wp-content\/uploads\/hestasaga_logo.png","width":600,"height":214,"caption":"HestaSaga"},"image":{"@id":"https:\/\/www.hestasaga.com\/en\/#\/schema\/logo\/image\/"}},{"@type":"Person","@id":"https:\/\/www.hestasaga.com\/en\/#\/schema\/person\/6a39392b6cfc932dba2fa37469b6842a","name":"Monika Papenfuss","image":{"@type":"ImageObject","inLanguage":"is","@id":"https:\/\/www.hestasaga.com\/en\/#\/schema\/person\/image\/","url":"https:\/\/secure.gravatar.com\/avatar\/b9cc76bc615e2efc42c9bbcb4d13c1b8?s=96&d=mm&r=g","contentUrl":"https:\/\/secure.gravatar.com\/avatar\/b9cc76bc615e2efc42c9bbcb4d13c1b8?s=96&d=mm&r=g","caption":"Monika Papenfuss"},"url":"https:\/\/www.hestasaga.com\/is\/author\/monika-papenfuss\/"}]}},"_links":{"self":[{"href":"https:\/\/www.hestasaga.com\/is\/wp-json\/wp\/v2\/posts\/1070"}],"collection":[{"href":"https:\/\/www.hestasaga.com\/is\/wp-json\/wp\/v2\/posts"}],"about":[{"href":"https:\/\/www.hestasaga.com\/is\/wp-json\/wp\/v2\/types\/post"}],"author":[{"embeddable":true,"href":"https:\/\/www.hestasaga.com\/is\/wp-json\/wp\/v2\/users\/2"}],"replies":[{"embeddable":true,"href":"https:\/\/www.hestasaga.com\/is\/wp-json\/wp\/v2\/comments?post=1070"}],"version-history":[{"count":30,"href":"https:\/\/www.hestasaga.com\/is\/wp-json\/wp\/v2\/posts\/1070\/revisions"}],"predecessor-version":[{"id":8713,"href":"https:\/\/www.hestasaga.com\/is\/wp-json\/wp\/v2\/posts\/1070\/revisions\/8713"}],"wp:featuredmedia":[{"embeddable":true,"href":"https:\/\/www.hestasaga.com\/is\/wp-json\/wp\/v2\/media\/475"}],"wp:attachment":[{"href":"https:\/\/www.hestasaga.com\/is\/wp-json\/wp\/v2\/media?parent=1070"}],"wp:term":[{"taxonomy":"category","embeddable":true,"href":"https:\/\/www.hestasaga.com\/is\/wp-json\/wp\/v2\/categories?post=1070"},{"taxonomy":"post_tag","embeddable":true,"href":"https:\/\/www.hestasaga.com\/is\/wp-json\/wp\/v2\/tags?post=1070"},{"taxonomy":"series","embeddable":true,"href":"https:\/\/www.hestasaga.com\/is\/wp-json\/wp\/v2\/series?post=1070"},{"taxonomy":"speaker","embeddable":true,"href":"https:\/\/www.hestasaga.com\/is\/wp-json\/wp\/v2\/speaker?post=1070"}],"curies":[{"name":"wp","href":"https:\/\/api.w.org\/{rel}","templated":true}]}}