{"id":97,"date":"2020-07-24T00:15:09","date_gmt":"2020-07-23T22:15:09","guid":{"rendered":"http:\/\/neu.hestasaga.com\/?p=97"},"modified":"2020-07-21T10:41:53","modified_gmt":"2020-07-21T08:41:53","slug":"wie-gut-koennen-pferde-sich-erinnern","status":"publish","type":"post","link":"https:\/\/www.hestasaga.com\/de\/2020\/07\/24\/wie-gut-koennen-pferde-sich-erinnern\/","title":{"rendered":"Wie gut k\u00f6nnen Pferde sich erinnern?"},"content":{"rendered":"\n<p class=\"has-background has-cyan-bluish-gray-background-color\">Mein\n erstes Pferd habe ich geschenkt bekommen, weil seine Besitzerin nicht \nmit ihm klarkam und es loswerden wollte. Mit meinen damals elf Jahren \nwar ich nat\u00fcrlich viel zu jung f\u00fcr ein&nbsp; Problempferd, doch davon habe \nich euch ja schon berichtet.Ich brauchte eine Weile, um das Ganze zu verarbeiten, aber dass ich wieder ein eigenes Pferd wollte, war von Anfang an klar.<\/p>\n\n\n\n<figure class=\"wp-block-image\"><img src=\"https:\/\/www.hestasaga.com\/wp-content\/uploads\/2017\/03\/HS-Rjomi-2.jpg\" alt=\"\"\/><figcaption><br><\/figcaption><\/figure>\n\n\n\n<p class=\"has-drop-cap\">Dass es etwas dauern \nw\u00fcrde, war nicht schlimm, denn wir hatten eh kein Geld, um eins zu \nkaufen. Doch meine Eltern legten jede Kr\u00f3nur zur\u00fcck, um mir eines Tages \nmeinen Traum zu erf\u00fcllen \u2013 und nat\u00fcrlich sparte auch ich so gut es ging \nvon meinem Taschengeld.<\/p>\n\n\n\n<p>Als ich dreizehn wurde, war es endlich so weit: Unsere gemeinsamen \nErsparnisse reichten f\u00fcr mein erstes eigenes Pferd. Was f\u00fcr ein Moment, \nals meine Eltern mir er\u00f6ffneten, dass der Augenblick da war, von dem ich\n schon so lange tr\u00e4umte!<\/p>\n\n\n\n<p>Es ist zwar schon ein ganzes Weilchen her, aber ich erinnere mich  genau an den Tag, als wir ihn abholten, meinen Glanni, ein&nbsp; f\u00fcnfj\u00e4hriger  Fuchsfalbschecke mit drei Sternen, einer davon schwarz. <\/p>\n\n\n\n<p>Mit seiner  auff\u00e4lligen Farbe war er ein absoluter Hingucker, aber auch vom Wesen  her genau das, was ich gesucht hatte, freundlich und cool. Obwohl er  noch so jung war, lie\u00df er sich durch nichts aus der Ruhe bringen.<\/p>\n\n\n\n<figure class=\"wp-block-image\"><img src=\"https:\/\/www.hestasaga.com\/wp-content\/uploads\/2017\/03\/HS-Rjomi-1.jpg\" alt=\"\"\/><\/figure>\n\n\n\n<p>Gleich in den ersten Tagen sind wir in Hella ausgeritten und das \nklappte sofort ohne Probleme. Als wir uns eines Nachmittags wieder auf \nden Weg machten, hatte ich nicht daran gedacht, dass an diesem \nWochenende in der N\u00e4he ein gro\u00dfes Turnier im Gange war.<\/p>\n\n\n\n<p>Als ich es realisierte, war es zu sp\u00e4t. Die gestern noch so ruhige  Stra\u00dfe war nun voll mit&nbsp; Pferdeautos, die hin- und herpreschten, ein  Pferdeh\u00e4nger nach dem anderen \u00fcberholte uns oder kam uns entgegen.  <\/p>\n\n\n\n<p>Glanni lie\u00df sich davon nicht im mindesten beeindrucken, bis ein Jeep&nbsp; \u2013  heutzutage w\u00fcrde man wohl SUV sagen \u2013 langsamer fuhr, uns schlie\u00dflich  \u00fcberholte und am Ende eines Zauns stehen blieb.<\/p>\n\n\n\n<p>Mir schien, als habe Glanni das Auto aus den Augenwinkeln \nregistriert, als es vorbeifuhr, jedenfalls hob er den Kopf, als es \nanhielt, begann laut zu wiehern und beschleunigte seine Schritte.<\/p>\n\n\n\n<p>Aus dem Auto stieg ein \u00e4lteres Ehepaar,&nbsp; beide sch\u00e4tzungsweise um die\n siebzig, der Mann auf einen Stock gest\u00fctzt. Glanni h\u00f6rte nicht auf zu \nwiehern und als wir bei ihnen ankamen, blieb er unaufgefordert stehen. \nDie Gesichter der alten Leutchen h\u00e4ttet ihr sehen sollen:<\/p>\n\n\n\n<p>Alle beide strahlten \u00fcber beide Backen und die alte Dame rief: \u201c Ist das nicht unser Glanni?\u201c<\/p>\n\n\n\n<p>Als ich das best\u00e4tigte, f\u00fcgte sie erfreut hinzu: \u201eIch habb\u00b4s&nbsp; doch  gleich gesagt, dass das unser Glanni ist!\u201c, und erkl\u00e4rend f\u00fcgte sie  hinzu: \u201eWir haben ihn gez\u00fcchtet und mit drei Jahren verkauft. <\/p>\n\n\n\n<p>Wir hatten  ihn irgendwie immer besonders lieb und haben viel an ihn gedacht. Es  ist so sch\u00f6n, ihn wiederzusehen und noch sch\u00f6ner ist es zu wissen, dass  er jetzt bei einem so lieben M\u00e4dchen ist!\u201c<\/p>\n\n\n\n<p>Da bin ich abgestiegen und habe ger\u00fchrt beobachtet, wie die beiden \nihrer Freude freien Lauf lie\u00dfen und Glanni herzten und knuddelten \u2013 und \ndieser hat es sichtlich genossen!<\/p>\n\n\n\n<p>Da sagt mir noch einmal jemand, Pferde w\u00fcrden \u201eihre\u201c Leute nach \neinigen Jahren nicht mehr wiedererkennen! Glanni hat dies definitiv \ngetan. Jedenfalls hat er niemals wieder ein \u00e4hnliches Verhalten bei \nanderen Personen gezeigt.<\/p>\n\n\n\n<figure class=\"wp-block-image\"><img src=\"https:\/\/www.hestasaga.com\/wp-content\/uploads\/2017\/03\/HS-Rjomi-4.jpg\" alt=\"\"\/><\/figure>\n","protected":false},"excerpt":{"rendered":"<p>Manchmal ist man verbl\u00fcfft!<\/p>\n","protected":false},"author":2,"featured_media":651,"comment_status":"open","ping_status":"closed","sticky":false,"template":"","format":"standard","meta":{"episode_type":"audio","audio_file":"","cover_image":"","cover_image_id":"","duration":"","filesize":"","date_recorded":"","explicit":"","block":"","filesize_raw":""},"categories":[20,22],"tags":[],"series":[],"speaker":[],"acf":[],"episode_featured_image":"https:\/\/www.hestasaga.com\/wp-content\/uploads\/Glanni1.jpg","episode_player_image":"https:\/\/www.hestasaga.com\/wp-content\/uploads\/podcast-img-scaled.jpg","download_link":"","player_link":"","audio_player":false,"episode_data":{"playerMode":"dark","subscribeUrls":[],"rssFeedUrl":"https:\/\/www.hestasaga.com\/de\/feed\/podcast\/hestasaga","embedCode":"<blockquote class=\"wp-embedded-content\" data-secret=\"LSu97Ox40P\"><a href=\"https:\/\/www.hestasaga.com\/de\/2020\/07\/24\/wie-gut-koennen-pferde-sich-erinnern\/\">Wie gut k\u00f6nnen Pferde sich erinnern?<\/a><\/blockquote><iframe sandbox=\"allow-scripts\" security=\"restricted\" src=\"https:\/\/www.hestasaga.com\/de\/2020\/07\/24\/wie-gut-koennen-pferde-sich-erinnern\/embed\/#?secret=LSu97Ox40P\" width=\"500\" height=\"350\" title=\"&#8222;Wie gut k\u00f6nnen Pferde sich erinnern?&#8220; &#8211; Hestasaga\" data-secret=\"LSu97Ox40P\" frameborder=\"0\" marginwidth=\"0\" marginheight=\"0\" scrolling=\"no\" class=\"wp-embedded-content\"><\/iframe><script type=\"text\/javascript\">\n\/*! This file is auto-generated *\/\n!function(c,d){\"use strict\";var e=!1,o=!1;if(d.querySelector)if(c.addEventListener)e=!0;if(c.wp=c.wp||{},c.wp.receiveEmbedMessage);else if(c.wp.receiveEmbedMessage=function(e){var t=e.data;if(!t);else if(!(t.secret||t.message||t.value));else if(\/[^a-zA-Z0-9]\/.test(t.secret));else{for(var r,s,a,i=d.querySelectorAll('iframe[data-secret=\"'+t.secret+'\"]'),n=d.querySelectorAll('blockquote[data-secret=\"'+t.secret+'\"]'),o=new RegExp(\"^https?:$\",\"i\"),l=0;l<n.length;l++)n[l].style.display=\"none\";for(l=0;l<i.length;l++)if(r=i[l],e.source!==r.contentWindow);else{if(r.removeAttribute(\"style\"),\"height\"===t.message){if(1e3<(s=parseInt(t.value,10)))s=1e3;else if(~~s<200)s=200;r.height=s}if(\"link\"===t.message)if(s=d.createElement(\"a\"),a=d.createElement(\"a\"),s.href=r.getAttribute(\"src\"),a.href=t.value,!o.test(a.protocol));else if(a.host===s.host)if(d.activeElement===r)c.top.location.href=t.value}}},e)c.addEventListener(\"message\",c.wp.receiveEmbedMessage,!1),d.addEventListener(\"DOMContentLoaded\",t,!1),c.addEventListener(\"load\",t,!1);function t(){if(o);else{o=!0;for(var e,t,r,s=-1!==navigator.appVersion.indexOf(\"MSIE 10\"),a=!!navigator.userAgent.match(\/Trident.*rv:11\\.\/),i=d.querySelectorAll(\"iframe.wp-embedded-content\"),n=0;n<i.length;n++){if(!(r=(t=i[n]).getAttribute(\"data-secret\")))r=Math.random().toString(36).substr(2,10),t.src+=\"#?secret=\"+r,t.setAttribute(\"data-secret\",r);if(s||a)(e=t.cloneNode(!0)).removeAttribute(\"security\"),t.parentNode.replaceChild(e,t);t.contentWindow.postMessage({message:\"ready\",secret:r},\"*\")}}}}(window,document);\n<\/script>\n"},"yoast_head":"<!-- This site is optimized with the Yoast SEO plugin v19.7.1 - https:\/\/yoast.com\/wordpress\/plugins\/seo\/ -->\n<title>Wie gut k\u00f6nnen Pferde sich erinnern? - Hestasaga<\/title>\n<meta name=\"description\" content=\"Eine bewegende Geschichte zum Thema &quot;Intelligenz und Ged\u00e4chtnis von Pferden&quot;. H\u00f6r dazu auch den Podcast &quot;Intelligenz von Pferden&quot;!\" \/>\n<meta name=\"robots\" content=\"index, follow, max-snippet:-1, max-image-preview:large, max-video-preview:-1\" \/>\n<link rel=\"canonical\" href=\"https:\/\/www.hestasaga.com\/de\/2020\/07\/24\/wie-gut-koennen-pferde-sich-erinnern\/\" \/>\n<meta property=\"og:locale\" content=\"de_DE\" \/>\n<meta property=\"og:type\" content=\"article\" \/>\n<meta property=\"og:title\" content=\"Wie gut k\u00f6nnen Pferde sich erinnern? - Hestasaga\" \/>\n<meta property=\"og:description\" content=\"Eine bewegende Geschichte zum Thema &quot;Intelligenz und Ged\u00e4chtnis von Pferden&quot;. H\u00f6r dazu auch den Podcast &quot;Intelligenz von Pferden&quot;!\" \/>\n<meta property=\"og:url\" content=\"https:\/\/www.hestasaga.com\/de\/2020\/07\/24\/wie-gut-koennen-pferde-sich-erinnern\/\" \/>\n<meta property=\"og:site_name\" content=\"Hestasaga\" \/>\n<meta property=\"article:publisher\" content=\"https:\/\/www.facebook.com\/hestasaga\/\" \/>\n<meta property=\"article:published_time\" content=\"2020-07-23T22:15:09+00:00\" \/>\n<meta property=\"article:modified_time\" content=\"2020-07-21T08:41:53+00:00\" \/>\n<meta property=\"og:image\" content=\"https:\/\/www.hestasaga.com\/wp-content\/uploads\/Glanni1.jpg\" \/>\n\t<meta property=\"og:image:width\" content=\"959\" \/>\n\t<meta property=\"og:image:height\" content=\"960\" \/>\n\t<meta property=\"og:image:type\" content=\"image\/jpeg\" \/>\n<meta name=\"author\" content=\"Monika Papenfuss\" \/>\n<meta name=\"twitter:card\" content=\"summary_large_image\" \/>\n<meta name=\"twitter:creator\" content=\"@Hestasaga\" \/>\n<meta name=\"twitter:site\" content=\"@Hestasaga\" \/>\n<meta name=\"twitter:label1\" content=\"Verfasst von\" \/>\n\t<meta name=\"twitter:data1\" content=\"Monika Papenfuss\" \/>\n\t<meta name=\"twitter:label2\" content=\"Gesch\u00e4tzte Lesezeit\" \/>\n\t<meta name=\"twitter:data2\" content=\"3\u00a0Minuten\" \/>\n<script type=\"application\/ld+json\" class=\"yoast-schema-graph\">{\"@context\":\"https:\/\/schema.org\",\"@graph\":[{\"@type\":\"Article\",\"@id\":\"https:\/\/www.hestasaga.com\/de\/2020\/07\/24\/wie-gut-koennen-pferde-sich-erinnern\/#article\",\"isPartOf\":{\"@id\":\"https:\/\/www.hestasaga.com\/de\/2020\/07\/24\/wie-gut-koennen-pferde-sich-erinnern\/\"},\"author\":{\"name\":\"Monika Papenfuss\",\"@id\":\"https:\/\/www.hestasaga.com\/en\/#\/schema\/person\/6a39392b6cfc932dba2fa37469b6842a\"},\"headline\":\"Wie gut k\u00f6nnen Pferde sich erinnern?\",\"datePublished\":\"2020-07-23T22:15:09+00:00\",\"dateModified\":\"2020-07-21T08:41:53+00:00\",\"mainEntityOfPage\":{\"@id\":\"https:\/\/www.hestasaga.com\/de\/2020\/07\/24\/wie-gut-koennen-pferde-sich-erinnern\/\"},\"wordCount\":588,\"commentCount\":0,\"publisher\":{\"@id\":\"https:\/\/www.hestasaga.com\/en\/#organization\"},\"articleSection\":[\"Besondere Pferde\",\"Lieblingspferd\"],\"inLanguage\":\"de\",\"potentialAction\":[{\"@type\":\"CommentAction\",\"name\":\"Comment\",\"target\":[\"https:\/\/www.hestasaga.com\/de\/2020\/07\/24\/wie-gut-koennen-pferde-sich-erinnern\/#respond\"]}]},{\"@type\":\"WebPage\",\"@id\":\"https:\/\/www.hestasaga.com\/de\/2020\/07\/24\/wie-gut-koennen-pferde-sich-erinnern\/\",\"url\":\"https:\/\/www.hestasaga.com\/de\/2020\/07\/24\/wie-gut-koennen-pferde-sich-erinnern\/\",\"name\":\"Wie gut k\u00f6nnen Pferde sich erinnern? - Hestasaga\",\"isPartOf\":{\"@id\":\"https:\/\/www.hestasaga.com\/en\/#website\"},\"datePublished\":\"2020-07-23T22:15:09+00:00\",\"dateModified\":\"2020-07-21T08:41:53+00:00\",\"description\":\"Eine bewegende Geschichte zum Thema \\\"Intelligenz und Ged\u00e4chtnis von Pferden\\\". H\u00f6r dazu auch den Podcast \\\"Intelligenz von Pferden\\\"!\",\"breadcrumb\":{\"@id\":\"https:\/\/www.hestasaga.com\/de\/2020\/07\/24\/wie-gut-koennen-pferde-sich-erinnern\/#breadcrumb\"},\"inLanguage\":\"de\",\"potentialAction\":[{\"@type\":\"ReadAction\",\"target\":[\"https:\/\/www.hestasaga.com\/de\/2020\/07\/24\/wie-gut-koennen-pferde-sich-erinnern\/\"]}]},{\"@type\":\"BreadcrumbList\",\"@id\":\"https:\/\/www.hestasaga.com\/de\/2020\/07\/24\/wie-gut-koennen-pferde-sich-erinnern\/#breadcrumb\",\"itemListElement\":[{\"@type\":\"ListItem\",\"position\":1,\"name\":\"Startseite\",\"item\":\"https:\/\/www.hestasaga.com\/de\/\"},{\"@type\":\"ListItem\",\"position\":2,\"name\":\"Wie gut k\u00f6nnen Pferde sich erinnern?\"}]},{\"@type\":\"WebSite\",\"@id\":\"https:\/\/www.hestasaga.com\/en\/#website\",\"url\":\"https:\/\/www.hestasaga.com\/en\/\",\"name\":\"Hestasaga\",\"description\":\"\",\"publisher\":{\"@id\":\"https:\/\/www.hestasaga.com\/en\/#organization\"},\"potentialAction\":[{\"@type\":\"SearchAction\",\"target\":{\"@type\":\"EntryPoint\",\"urlTemplate\":\"https:\/\/www.hestasaga.com\/en\/?s={search_term_string}\"},\"query-input\":\"required name=search_term_string\"}],\"inLanguage\":\"de\"},{\"@type\":\"Organization\",\"@id\":\"https:\/\/www.hestasaga.com\/en\/#organization\",\"name\":\"HestaSaga\",\"url\":\"https:\/\/www.hestasaga.com\/en\/\",\"sameAs\":[\"https:\/\/www.instagram.com\/hestasaga\/\",\"https:\/\/www.facebook.com\/hestasaga\/\",\"https:\/\/twitter.com\/Hestasaga\"],\"logo\":{\"@type\":\"ImageObject\",\"inLanguage\":\"de\",\"@id\":\"https:\/\/www.hestasaga.com\/en\/#\/schema\/logo\/image\/\",\"url\":\"https:\/\/www.hestasaga.com\/wp-content\/uploads\/hestasaga_logo.png\",\"contentUrl\":\"https:\/\/www.hestasaga.com\/wp-content\/uploads\/hestasaga_logo.png\",\"width\":600,\"height\":214,\"caption\":\"HestaSaga\"},\"image\":{\"@id\":\"https:\/\/www.hestasaga.com\/en\/#\/schema\/logo\/image\/\"}},{\"@type\":\"Person\",\"@id\":\"https:\/\/www.hestasaga.com\/en\/#\/schema\/person\/6a39392b6cfc932dba2fa37469b6842a\",\"name\":\"Monika Papenfuss\",\"image\":{\"@type\":\"ImageObject\",\"inLanguage\":\"de\",\"@id\":\"https:\/\/www.hestasaga.com\/en\/#\/schema\/person\/image\/\",\"url\":\"https:\/\/secure.gravatar.com\/avatar\/b9cc76bc615e2efc42c9bbcb4d13c1b8?s=96&d=mm&r=g\",\"contentUrl\":\"https:\/\/secure.gravatar.com\/avatar\/b9cc76bc615e2efc42c9bbcb4d13c1b8?s=96&d=mm&r=g\",\"caption\":\"Monika Papenfuss\"},\"url\":\"https:\/\/www.hestasaga.com\/de\/author\/monika-papenfuss\/\"}]}<\/script>\n<!-- \/ Yoast SEO plugin. -->","yoast_head_json":{"title":"Wie gut k\u00f6nnen Pferde sich erinnern? - Hestasaga","description":"Eine bewegende Geschichte zum Thema \"Intelligenz und Ged\u00e4chtnis von Pferden\". H\u00f6r dazu auch den Podcast \"Intelligenz von Pferden\"!","robots":{"index":"index","follow":"follow","max-snippet":"max-snippet:-1","max-image-preview":"max-image-preview:large","max-video-preview":"max-video-preview:-1"},"canonical":"https:\/\/www.hestasaga.com\/de\/2020\/07\/24\/wie-gut-koennen-pferde-sich-erinnern\/","og_locale":"de_DE","og_type":"article","og_title":"Wie gut k\u00f6nnen Pferde sich erinnern? - Hestasaga","og_description":"Eine bewegende Geschichte zum Thema \"Intelligenz und Ged\u00e4chtnis von Pferden\". H\u00f6r dazu auch den Podcast \"Intelligenz von Pferden\"!","og_url":"https:\/\/www.hestasaga.com\/de\/2020\/07\/24\/wie-gut-koennen-pferde-sich-erinnern\/","og_site_name":"Hestasaga","article_publisher":"https:\/\/www.facebook.com\/hestasaga\/","article_published_time":"2020-07-23T22:15:09+00:00","article_modified_time":"2020-07-21T08:41:53+00:00","og_image":[{"width":959,"height":960,"url":"https:\/\/www.hestasaga.com\/wp-content\/uploads\/Glanni1.jpg","type":"image\/jpeg"}],"author":"Monika Papenfuss","twitter_card":"summary_large_image","twitter_creator":"@Hestasaga","twitter_site":"@Hestasaga","twitter_misc":{"Verfasst von":"Monika Papenfuss","Gesch\u00e4tzte Lesezeit":"3\u00a0Minuten"},"schema":{"@context":"https:\/\/schema.org","@graph":[{"@type":"Article","@id":"https:\/\/www.hestasaga.com\/de\/2020\/07\/24\/wie-gut-koennen-pferde-sich-erinnern\/#article","isPartOf":{"@id":"https:\/\/www.hestasaga.com\/de\/2020\/07\/24\/wie-gut-koennen-pferde-sich-erinnern\/"},"author":{"name":"Monika Papenfuss","@id":"https:\/\/www.hestasaga.com\/en\/#\/schema\/person\/6a39392b6cfc932dba2fa37469b6842a"},"headline":"Wie gut k\u00f6nnen Pferde sich erinnern?","datePublished":"2020-07-23T22:15:09+00:00","dateModified":"2020-07-21T08:41:53+00:00","mainEntityOfPage":{"@id":"https:\/\/www.hestasaga.com\/de\/2020\/07\/24\/wie-gut-koennen-pferde-sich-erinnern\/"},"wordCount":588,"commentCount":0,"publisher":{"@id":"https:\/\/www.hestasaga.com\/en\/#organization"},"articleSection":["Besondere Pferde","Lieblingspferd"],"inLanguage":"de","potentialAction":[{"@type":"CommentAction","name":"Comment","target":["https:\/\/www.hestasaga.com\/de\/2020\/07\/24\/wie-gut-koennen-pferde-sich-erinnern\/#respond"]}]},{"@type":"WebPage","@id":"https:\/\/www.hestasaga.com\/de\/2020\/07\/24\/wie-gut-koennen-pferde-sich-erinnern\/","url":"https:\/\/www.hestasaga.com\/de\/2020\/07\/24\/wie-gut-koennen-pferde-sich-erinnern\/","name":"Wie gut k\u00f6nnen Pferde sich erinnern? - Hestasaga","isPartOf":{"@id":"https:\/\/www.hestasaga.com\/en\/#website"},"datePublished":"2020-07-23T22:15:09+00:00","dateModified":"2020-07-21T08:41:53+00:00","description":"Eine bewegende Geschichte zum Thema \"Intelligenz und Ged\u00e4chtnis von Pferden\". H\u00f6r dazu auch den Podcast \"Intelligenz von Pferden\"!","breadcrumb":{"@id":"https:\/\/www.hestasaga.com\/de\/2020\/07\/24\/wie-gut-koennen-pferde-sich-erinnern\/#breadcrumb"},"inLanguage":"de","potentialAction":[{"@type":"ReadAction","target":["https:\/\/www.hestasaga.com\/de\/2020\/07\/24\/wie-gut-koennen-pferde-sich-erinnern\/"]}]},{"@type":"BreadcrumbList","@id":"https:\/\/www.hestasaga.com\/de\/2020\/07\/24\/wie-gut-koennen-pferde-sich-erinnern\/#breadcrumb","itemListElement":[{"@type":"ListItem","position":1,"name":"Startseite","item":"https:\/\/www.hestasaga.com\/de\/"},{"@type":"ListItem","position":2,"name":"Wie gut k\u00f6nnen Pferde sich erinnern?"}]},{"@type":"WebSite","@id":"https:\/\/www.hestasaga.com\/en\/#website","url":"https:\/\/www.hestasaga.com\/en\/","name":"Hestasaga","description":"","publisher":{"@id":"https:\/\/www.hestasaga.com\/en\/#organization"},"potentialAction":[{"@type":"SearchAction","target":{"@type":"EntryPoint","urlTemplate":"https:\/\/www.hestasaga.com\/en\/?s={search_term_string}"},"query-input":"required name=search_term_string"}],"inLanguage":"de"},{"@type":"Organization","@id":"https:\/\/www.hestasaga.com\/en\/#organization","name":"HestaSaga","url":"https:\/\/www.hestasaga.com\/en\/","sameAs":["https:\/\/www.instagram.com\/hestasaga\/","https:\/\/www.facebook.com\/hestasaga\/","https:\/\/twitter.com\/Hestasaga"],"logo":{"@type":"ImageObject","inLanguage":"de","@id":"https:\/\/www.hestasaga.com\/en\/#\/schema\/logo\/image\/","url":"https:\/\/www.hestasaga.com\/wp-content\/uploads\/hestasaga_logo.png","contentUrl":"https:\/\/www.hestasaga.com\/wp-content\/uploads\/hestasaga_logo.png","width":600,"height":214,"caption":"HestaSaga"},"image":{"@id":"https:\/\/www.hestasaga.com\/en\/#\/schema\/logo\/image\/"}},{"@type":"Person","@id":"https:\/\/www.hestasaga.com\/en\/#\/schema\/person\/6a39392b6cfc932dba2fa37469b6842a","name":"Monika Papenfuss","image":{"@type":"ImageObject","inLanguage":"de","@id":"https:\/\/www.hestasaga.com\/en\/#\/schema\/person\/image\/","url":"https:\/\/secure.gravatar.com\/avatar\/b9cc76bc615e2efc42c9bbcb4d13c1b8?s=96&d=mm&r=g","contentUrl":"https:\/\/secure.gravatar.com\/avatar\/b9cc76bc615e2efc42c9bbcb4d13c1b8?s=96&d=mm&r=g","caption":"Monika Papenfuss"},"url":"https:\/\/www.hestasaga.com\/de\/author\/monika-papenfuss\/"}]}},"_links":{"self":[{"href":"https:\/\/www.hestasaga.com\/de\/wp-json\/wp\/v2\/posts\/97"}],"collection":[{"href":"https:\/\/www.hestasaga.com\/de\/wp-json\/wp\/v2\/posts"}],"about":[{"href":"https:\/\/www.hestasaga.com\/de\/wp-json\/wp\/v2\/types\/post"}],"author":[{"embeddable":true,"href":"https:\/\/www.hestasaga.com\/de\/wp-json\/wp\/v2\/users\/2"}],"replies":[{"embeddable":true,"href":"https:\/\/www.hestasaga.com\/de\/wp-json\/wp\/v2\/comments?post=97"}],"version-history":[{"count":7,"href":"https:\/\/www.hestasaga.com\/de\/wp-json\/wp\/v2\/posts\/97\/revisions"}],"predecessor-version":[{"id":6342,"href":"https:\/\/www.hestasaga.com\/de\/wp-json\/wp\/v2\/posts\/97\/revisions\/6342"}],"wp:featuredmedia":[{"embeddable":true,"href":"https:\/\/www.hestasaga.com\/de\/wp-json\/wp\/v2\/media\/651"}],"wp:attachment":[{"href":"https:\/\/www.hestasaga.com\/de\/wp-json\/wp\/v2\/media?parent=97"}],"wp:term":[{"taxonomy":"category","embeddable":true,"href":"https:\/\/www.hestasaga.com\/de\/wp-json\/wp\/v2\/categories?post=97"},{"taxonomy":"post_tag","embeddable":true,"href":"https:\/\/www.hestasaga.com\/de\/wp-json\/wp\/v2\/tags?post=97"},{"taxonomy":"series","embeddable":true,"href":"https:\/\/www.hestasaga.com\/de\/wp-json\/wp\/v2\/series?post=97"},{"taxonomy":"speaker","embeddable":true,"href":"https:\/\/www.hestasaga.com\/de\/wp-json\/wp\/v2\/speaker?post=97"}],"curies":[{"name":"wp","href":"https:\/\/api.w.org\/{rel}","templated":true}]}}