{"id":7837,"date":"2021-02-05T00:06:45","date_gmt":"2021-02-04T23:06:45","guid":{"rendered":"https:\/\/www.hestasaga.com\/?p=7837"},"modified":"2021-02-25T16:42:44","modified_gmt":"2021-02-25T15:42:44","slug":"2-teil-das-wunderpferd-der-kluge-hans","status":"publish","type":"post","link":"https:\/\/www.hestasaga.com\/de\/2021\/02\/05\/2-teil-das-wunderpferd-der-kluge-hans\/","title":{"rendered":"2. TEIL: DAS WUNDERPFERD DER KLUGE HANS"},"content":{"rendered":"\n<div class=\"wp-container-3 wp-block-columns\">\n<div class=\"wp-container-1 wp-block-column\" style=\"flex-basis:66.66%\">\n<figure class=\"wp-block-image size-large\"><img fetchpriority=\"high\" width=\"461\" height=\"762\" src=\"https:\/\/www.hestasaga.com\/wp-content\/uploads\/Hans_Kopf.jpg\" alt=\"\" class=\"wp-image-7745\" srcset=\"https:\/\/www.hestasaga.com\/wp-content\/uploads\/Hans_Kopf.jpg 461w, https:\/\/www.hestasaga.com\/wp-content\/uploads\/Hans_Kopf-181x300.jpg 181w\" sizes=\"(max-width: 461px) 100vw, 461px\" \/><figcaption><em>Der weltberuhmte Orlow-Traber <strong>Kluger Hans <\/strong>aus Russland. Das Foto ist im Jahr 1907 entstanden. Foto\/Karl Krall (1863-1929).<\/em><\/figcaption><\/figure>\n\n\n\n<p><\/p>\n<\/div>\n\n\n\n<div class=\"wp-container-2 wp-block-column\" style=\"flex-basis:33.33%\">\n<p><\/p>\n\n\n\n<p class=\"has-text-color has-background has-normal-font-size\" style=\"background-color:#eae0c3;color:#47330e\"><em>Ende des&nbsp;19., Anfang des 20. Jahrhunderts richtete sich die Aufmerksamkeit der Menschen vermehrt auf die Intelligenz der Tiere. Das hing sicher u.a. damit zusammen, dass der <em>britische Naturwissenschaftler Charles Darwin<\/em> kurz zuvor einige Thesen  zu diesem Thema ver\u00f6ffentlicht hatte. <\/em><br><br><em><em>Wilhelm von Osten, ein pensionierter Grundschullehrer, hatte sich vorgenommen, die Denkf\u00e4higkeit der Pferde zu beweisen. Leider war sein Pferd <em><em>an Darmverschlingung eingegangen<\/em><\/em><\/em><\/em>, <em><em> bevor er sein Ziel erreicht hatte<\/em>.<\/em> <\/p>\n<\/div>\n<\/div>\n\n\n\n<p class=\"has-text-color\" style=\"color:#045c8f;font-size:28px\"><br>Ein &#8222;neuer &#8222;Hans kommt ins Spiel<\/p>\n\n\n\n<p class=\"has-drop-cap\">Doch Herr von Osten gab nicht auf. Einige Jahre sp\u00e4ter begann er nach neuen Wegen zu suchen, um Beweise f\u00fcr die Denkf\u00e4higkeit von Pferden zu erbringen.<\/p>\n\n\n\n<p>Deshalb reiste er im Jahr 1900 nach Russland, um ein geeignetes Pferd f\u00fcr seine Studien auszusuchen. Er entschied sich f\u00fcr einen f\u00fcnfj\u00e4hrigen Orlow-Traberhengst, einen Rappen mit Stern, und nahm ihn mit nach Berlin. Dieser wurde nach seinem Vorg\u00e4nger ebenfalls <em>Hans<\/em> genannt.<\/p>\n\n\n\n<p>Inzwischen war von Osten Rentner und musste nicht mehr Mathe und Kunst an der Grundschule unterrichten. Er hatte nun endlich Zeit seinen Interessen nachzugehen und konnte seine ganze Aufmerksamkeit auf einem einzigen Sch\u00fcler, den Orlow-Traber <em>Hans,<\/em> richten!<\/p>\n\n\n\n<figure class=\"wp-block-image size-large\"><img width=\"1024\" height=\"767\" src=\"https:\/\/www.hestasaga.com\/wp-content\/uploads\/Hans_ganzkoerper-1024x767.jpg\" alt=\"\" class=\"wp-image-7795\" srcset=\"https:\/\/www.hestasaga.com\/wp-content\/uploads\/Hans_ganzkoerper-1024x767.jpg 1024w, https:\/\/www.hestasaga.com\/wp-content\/uploads\/Hans_ganzkoerper-300x225.jpg 300w, https:\/\/www.hestasaga.com\/wp-content\/uploads\/Hans_ganzkoerper-768x575.jpg 768w, https:\/\/www.hestasaga.com\/wp-content\/uploads\/Hans_ganzkoerper-1536x1151.jpg 1536w, https:\/\/www.hestasaga.com\/wp-content\/uploads\/Hans_ganzkoerper-2048x1534.jpg 2048w\" sizes=\"(max-width: 1024px) 100vw, 1024px\" \/><figcaption><em>Der<\/em> <em>Kluge Hans im Jahr 1910, etwa 15 Jahre alt. Foto\/Karl Krall (1863-1929).<\/em><\/figcaption><\/figure>\n\n\n\n<p class=\"has-text-color\" style=\"color:#045c8f;font-size:28px\"><br>Der vierbeinige Sch\u00fcler<\/p>\n\n\n\n<p>Recht schnell erkannte von Osten, dass der \u201eneue\u201c Hans nicht so umg\u00e4nglich war wie sein Vorg\u00e4nger,  sondern vielmehr temperamentvoll und launisch. Au\u00dferdem reagierte er extrem empfindlich auf \u00e4u\u00dfere Reize.<\/p>\n\n\n\n<p>Trotzdem arbeitete er jeden Tag meist mehrere Stunden und bei Wind und Wetter mit ihm und brachte ihm geduldig alles M\u00f6gliche bei, viel mehr, als was man normalerweise seinem Pferd beibringt.<\/p>\n\n\n\n<p id=\"block-79774eb1-5fa8-434a-96a4-a391c5247a5c\">Er erarbeitete mit Hans den Unterschied zwischen rechts und links, oben und unten etc. Aber das reichte dem ehrgeizigen Lehrmeister nicht und so begann er damit seinem Sch\u00fcler das Z\u00e4hlen beizubringen.<\/p>\n\n\n\n<p>Daf\u00fcr benutzte er kleine H\u00fctchen, wobei die Anzahl der H\u00fctchen jeweils f\u00fcr die entsprechende Zahl stand.<\/p>\n\n\n\n<div class=\"wp-container-6 wp-block-columns\">\n<div class=\"wp-container-4 wp-block-column\" style=\"flex-basis:33.33%\">\n<p>Jede Unterrichtseinheit begann wie folgt:<\/p>\n\n\n\n<p>Von Osten hockte sich neben das Pferd, hob dessen rechten Fu\u00df, zeigte auf das H\u00fctchen und sagte mit fester Stimme &#8222;Eins&#8220;.<\/p>\n\n\n\n<p>Diese Prozedur wiederholte er stundenlang. Nach einigen Wochen erfolgte der zweite Schritt:<br>Nun erh\u00f6hte er nach und nach die Anzahl der H\u00fctchen und nannte dabei jedes Mal die entsprechende Zahl. In einem letzten Schritt ersetzte er die H\u00fctchen durch gro\u00dfe Metallziffern.<\/p>\n<\/div>\n\n\n\n<div class=\"wp-container-5 wp-block-column\" style=\"flex-basis:66.66%\">\n<figure class=\"wp-block-image size-large\"><img width=\"550\" height=\"412\" src=\"https:\/\/www.hestasaga.com\/wp-content\/uploads\/AnfangsuntrerrichtmitKegelnbls6.jpg\" alt=\"\" class=\"wp-image-7763\" srcset=\"https:\/\/www.hestasaga.com\/wp-content\/uploads\/AnfangsuntrerrichtmitKegelnbls6.jpg 550w, https:\/\/www.hestasaga.com\/wp-content\/uploads\/AnfangsuntrerrichtmitKegelnbls6-300x225.jpg 300w\" sizes=\"(max-width: 550px) 100vw, 550px\" \/><figcaption>&#8222;Hans, das ist eins!&#8220; Foto\/Karl Krall (1863-1929).<\/figcaption><\/figure>\n<\/div>\n<\/div>\n\n\n\n<p id=\"block-1fc26a9c-f55a-4371-a532-3f1d54d9a47d\">Herr von Osten wurde f\u00fcr seine M\u00fche belohnt: Nach nicht einmal einem Jahr war Hans in der Lage Zahlen bis 15 durch Scharren mit dem rechten Vorderfu\u00df  anzudeuten. Die Grundlage f\u00fcr den Rechenunterricht war somit geschaffen und konnte begonnen werden.<\/p>\n\n\n\n<div class=\"wp-container-9 wp-block-columns\">\n<div class=\"wp-container-7 wp-block-column\" style=\"flex-basis:33.33%\">\n<p><br>Hans war ein sehr guter \u201eSch\u00fcler\u201c und beherrschte nach nur zwei Jahren alle vier Grundrechenarten (Addieren, Subtrahieren, Multiplizieren und Dividieren). <\/p>\n\n\n\n<p><br>Aber nicht nur das, Hans konnte schon bald auch W\u00f6rter buchstabieren und lesen, verschiedene Farben erkennen, einzelne T\u00f6ne der Tonleiter heraush\u00f6ren, die Uhrzeit lesen und vieles andere, was Pferde normalerweise nicht k\u00f6nnen, nicht einmal Zirkuspferde!<\/p>\n<\/div>\n\n\n\n<div class=\"wp-container-8 wp-block-column\" style=\"flex-basis:66.66%\">\n<figure class=\"wp-block-image size-large\"><img loading=\"lazy\" width=\"882\" height=\"634\" src=\"https:\/\/www.hestasaga.com\/wp-content\/uploads\/Rechnenbls16.jpg\" alt=\"\" class=\"wp-image-7764\" srcset=\"https:\/\/www.hestasaga.com\/wp-content\/uploads\/Rechnenbls16.jpg 882w, https:\/\/www.hestasaga.com\/wp-content\/uploads\/Rechnenbls16-300x216.jpg 300w, https:\/\/www.hestasaga.com\/wp-content\/uploads\/Rechnenbls16-768x552.jpg 768w\" sizes=\"(max-width: 882px) 100vw, 882px\" \/><figcaption><em><strong>&#8222;Hans, was sind vier und zwei?&#8220;<\/strong> Foto\/Karl Krall (1863-1929).<\/em><br><em>Ein Teil der H\u00fctchen wurde zun\u00e4chst mit einer kleinen Schachtel verdeckt. Beim Zusammenz\u00e4hlen lag die Betonung auf <strong>UND. <\/strong>Anschlie\u00dfend wurden dem Pferd alle H\u00fctchen gezeigt.<\/em><\/figcaption><\/figure>\n<\/div>\n<\/div>\n\n\n\n<p class=\"has-text-color\" style=\"color:#045c8f;font-size:28px\"><br>Herr von Osten macht die Wissenschaft auf Hans aufmerksam<\/p>\n\n\n\n<p id=\"block-5cc356fd-05f0-48bb-832f-509a84794d96\">Nun war die Zeit f\u00fcr Herrn von Osten gekommen der Welt die Denkf\u00e4higkeit seines Pferdes vorzuf\u00fchren. Er verschickte Briefe an Wissenschaftler in Berlin und Umgebung und lud sie ein, Hans in seinem Hinterhof beim Lesen und Rechnen  zu beobachten. Verst\u00e4ndlicherweise wurde er nicht ernst genommen und bekam keine Resonanz auf seine Einladung.<\/p>\n\n\n\n<p>Herr von Osten hatte aber nicht vor sich dadurch entmutigen zu lassen und  er suchte nach einem anderen Weg auf sein intelligentes Pferd aufmerksam zu machen. Als n\u00e4chstes versuchte er es mit einem Verkaufsinserat in einer Tageszeitung mit folgendem Text:<\/p>\n\n\n\n<div class=\"wp-container-12 wp-block-columns\">\n<div class=\"wp-container-10 wp-block-column\" style=\"flex-basis:33.33%\">\n<p class=\"has-text-align-center has-normal-font-size\"><br><br>\u201e Hengst zu verkaufen, der mir bei meiner Studie zur Denkf\u00e4higkeit und Intelligenz von Pferden als Versuchsobjekt gedient hat.<\/p>\n\n\n\n<p class=\"has-text-align-center\"><br>Er ist 7 Jahre alt, sehr brav, kann lesen und rechnen, erkennt 10 verschiedene Farben und kann noch Vieles mehr!<\/p>\n\n\n\n<p class=\"has-text-align-center\"><br><br>Informationen bei Hr. W. Osten, Griebenowstra\u00dfe 10, Berlin.\u201c<\/p>\n<\/div>\n\n\n\n<div class=\"wp-container-11 wp-block-column\" style=\"flex-basis:66.66%\">\n<figure class=\"wp-block-image size-large\"><img loading=\"lazy\" width=\"990\" height=\"761\" src=\"https:\/\/www.hestasaga.com\/wp-content\/uploads\/Hans_Farbtafel.jpg\" alt=\"\" class=\"wp-image-7772\" srcset=\"https:\/\/www.hestasaga.com\/wp-content\/uploads\/Hans_Farbtafel.jpg 990w, https:\/\/www.hestasaga.com\/wp-content\/uploads\/Hans_Farbtafel-300x231.jpg 300w, https:\/\/www.hestasaga.com\/wp-content\/uploads\/Hans_Farbtafel-768x590.jpg 768w\" sizes=\"(max-width: 990px) 100vw, 990px\" \/><figcaption><em><strong>&#8222;Hans, wo ist blau?&#8220; <\/strong>Foto\/Karl Krall (1863-1929).<br>Hans steht vor verschiedenfarbigen Farbtafeln und ber\u00fchrt mit seiner Nase die Tafel mit der blauen Farbe. <\/em><\/figcaption><\/figure>\n\n\n\n<p><\/p>\n<\/div>\n<\/div>\n\n\n\n<p>Von Osten hoffte, dass er auf diese Weise Interesse f\u00fcr sein Pferd wecken k\u00f6nnte. Doch die Anzeige erzielte nicht die gew\u00fcnschte Wirkung, sondern wurde vielmehr als eine Art April-Scherz aufgefasst. Noch einmal \u00e4nderte von Osten seine Strategie und bot per Anzeige kostenlose Vorf\u00fchrungen des Hengstes bei sich im Hinterhof an.<\/p>\n\n\n\n<p>Nun gab es endlich einen Lichtblick. Ein Offizier wurde auf die Anzeige aufmerksam. Er kam in die Vorf\u00fchrung und war sehr beeindruckt von dem K\u00f6nnen des Pferdes. Damit nicht genug: Er verfasste im August 1904 einen begeisterten Artikel, der in der Tageszeitung <em>Weltspiegel<\/em>&nbsp;ver\u00f6ffentlicht wurde. Dort beschrieb er, wie das Pferd alle ihm gestellten Fragen \u201ebeantwortete\u201c, ohne dass sein Lehrer die M\u00f6glichkeit gehabt h\u00e4tte, ihm dabei zu helfen.<\/p>\n\n\n\n<figure class=\"wp-block-image size-large\"><img loading=\"lazy\" width=\"730\" height=\"490\" src=\"https:\/\/www.hestasaga.com\/wp-content\/uploads\/Hans_Hoffuerung.jpg\" alt=\"\" class=\"wp-image-7829\" srcset=\"https:\/\/www.hestasaga.com\/wp-content\/uploads\/Hans_Hoffuerung.jpg 730w, https:\/\/www.hestasaga.com\/wp-content\/uploads\/Hans_Hoffuerung-300x201.jpg 300w\" sizes=\"(max-width: 730px) 100vw, 730px\" \/><figcaption><em>Tag f\u00fcr Tag l\u00f6ste das Pferd Kluger Hans <em>zur gro\u00dfen Begeisterung der Zuschauer<\/em><\/em> <em>die unglaublichsten Aufgaben. Foto\/Karl Krall (1863-1929).<\/em><\/figcaption><\/figure>\n\n\n\n<p class=\"has-text-color\" style=\"color:#045c8f;font-size:28px\"><br>Hans wird bekannt und bekommt den Spitznamen &#8222;Kluger Hans&#8220;<\/p>\n\n\n\n<p>Der Artikel stie\u00df auf gro\u00dfe Resonanz und die Denkleistung des Pferdes Hans war mit einem Mal in aller Munde. Fast t\u00e4glich erschienen nun Artikel in den Tageszeitungen \u00fcber den <em>Klugen Hans<\/em>, wie er von nun an genannt wurde. Vor dem Wohnhaus in der Griebenowstra\u00dfe geh\u00f6rte nun ein Verkehrschaos zum Alltag und der Hinterhof war voller Besucher, die das Wunderpferd sehen wollten.<\/p>\n\n\n\n<div class=\"wp-container-15 wp-block-columns\">\n<div class=\"wp-container-13 wp-block-column\" style=\"flex-basis:33.33%\">\n<p><br><br>Anfang September 1904 erschien sogar ein gro\u00dfer Artikel \u00fcber den Klugen Hans in Amerika in&nbsp;der <em>New York Times<\/em>&nbsp;mit dem Titel <\/p>\n\n\n\n<p class=\"has-text-align-center\"><br>&#8222;Berlin&#8217;s wonderful horse! He can do almost everything but talk&#8220; <\/p>\n\n\n\n<p class=\"has-text-align-center\"><br>&#8222;Das Wunderpferd aus Berlin, das fast alles kann, au\u00dfer sprechen&#8220;.<\/p>\n<\/div>\n\n\n\n<div class=\"wp-container-14 wp-block-column\" style=\"flex-basis:66.66%\">\n<figure class=\"wp-block-image size-large\"><img loading=\"lazy\" width=\"1024\" height=\"677\" src=\"https:\/\/www.hestasaga.com\/wp-content\/uploads\/Hans_schreibt-1024x677.jpg\" alt=\"\" class=\"wp-image-7794\" srcset=\"https:\/\/www.hestasaga.com\/wp-content\/uploads\/Hans_schreibt-1024x677.jpg 1024w, https:\/\/www.hestasaga.com\/wp-content\/uploads\/Hans_schreibt-300x198.jpg 300w, https:\/\/www.hestasaga.com\/wp-content\/uploads\/Hans_schreibt-768x508.jpg 768w, https:\/\/www.hestasaga.com\/wp-content\/uploads\/Hans_schreibt-1536x1016.jpg 1536w, https:\/\/www.hestasaga.com\/wp-content\/uploads\/Hans_schreibt-2048x1354.jpg 2048w\" sizes=\"(max-width: 1024px) 100vw, 1024px\" \/><figcaption><em><strong>&#8222;Hans, das ist Herr Dohms!&#8220;<\/strong> Foto\/Karl Krall (1863-1929).<br>Eine halbe Stunde sp\u00e4ter wird das Pferd aufgefordert mit Hilfe der Tafel den Namen des Mannes mit der Nase zu buchstabieren.<\/em><\/figcaption><\/figure>\n<\/div>\n<\/div>\n\n\n\n<p>Ein Augenzeuge schilderte im Artikel begeistert, wie Hans Gold-, Silber- und Kupferm\u00fcnzen unterscheidet und deren Wert erkennt, dar\u00fcber hinaus eine Kostprobe davon gibt, dass er die Bruchrechnung beherrscht und sogar in der Lage ist, Menschen aus dem Publikum oder von Fotos zu erkennen.<\/p>\n\n\n\n<p>Sogar der preu\u00dfische Kulturminister stattete Hans einen Besuch ab und war anschlie\u00dfend ebenfalls davon \u00fcberzeugt, dass Hans die Aufgaben ohne Tricks oder Signale von au\u00dfen l\u00f6sen konnte.<\/p>\n\n\n\n<p class=\"has-text-color\" style=\"color:#045c8f;font-size:28px\"><br>Die September Kommission<\/p>\n\n\n\n<p>Nun wollte man es genau wissen! Um sicher zu gehen, ob wirklich keine Tricks oder heimlichen Signale im Spiel waren, wurde eine Kommission von 13 Fachleuten zusammengestellt, die aus Psychologen, einem Tierarzt, einem Dompteur, einem Biologen, Pferdetrainern und weiteren Pferdefachleuten bestand.<\/p>\n\n\n\n<div class=\"wp-container-18 wp-block-columns\">\n<div class=\"wp-container-16 wp-block-column\" style=\"flex-basis:33.33%\">\n<p><br>An zwei Tagen nahm die Kommission den Klugen Hans auch in Abwesenheit seines Lehrers in die Mangel. <\/p>\n\n\n\n<p><br>Die Wissenschaftler kamen einstimmig zu dem  Ergebnis, dass es ausgeschlossen sei, dass Herr Osten Signale oder Tricks im Training vom Hans verwendet h\u00e4tte.<\/p>\n<\/div>\n\n\n\n<div class=\"wp-container-17 wp-block-column\" style=\"flex-basis:66.66%\">\n<figure class=\"wp-block-image size-large\"><img loading=\"lazy\" width=\"1024\" height=\"751\" src=\"https:\/\/www.hestasaga.com\/wp-content\/uploads\/Hans_Kommitteg_1907-1024x751.jpg\" alt=\"\" class=\"wp-image-7831\" srcset=\"https:\/\/www.hestasaga.com\/wp-content\/uploads\/Hans_Kommitteg_1907-1024x751.jpg 1024w, https:\/\/www.hestasaga.com\/wp-content\/uploads\/Hans_Kommitteg_1907-300x220.jpg 300w, https:\/\/www.hestasaga.com\/wp-content\/uploads\/Hans_Kommitteg_1907-768x563.jpg 768w, https:\/\/www.hestasaga.com\/wp-content\/uploads\/Hans_Kommitteg_1907-1536x1126.jpg 1536w, https:\/\/www.hestasaga.com\/wp-content\/uploads\/Hans_Kommitteg_1907-2048x1502.jpg 2048w\" sizes=\"(max-width: 1024px) 100vw, 1024px\" \/><figcaption><em>Wissenschaftler &#8222;studieren&#8220; die Denkf\u00e4higkeit des Hengstes im Hinterhof des Wohnhauses von Herrn von Osten. Foto\/Karl Krall (1863-1929).<\/em><\/figcaption><\/figure>\n\n\n\n<p><\/p>\n<\/div>\n<\/div>\n\n\n\n<p class=\"has-text-color\" style=\"color:#045c8f;font-size:28px\"><br>Das R\u00e4tselraten um die F\u00e4higkeiten von Hans geht weiter<\/p>\n\n\n\n<p>Nach der Bekanntmachung der Kommission wurde die Denkleistung des Pferdes jedoch weiterhin kontrovers diskutiert. Einige vermuteten nun, dass  besondere F\u00e4higkeiten aus den Bereichen Okkultismus, Suggestion, Gedankenlesen oder Willens\u00fcbertragung im Spiel seien.<\/p>\n\n\n\n<div class=\"wp-container-21 wp-block-columns\">\n<div class=\"wp-container-19 wp-block-column\" style=\"flex-basis:33.33%\">\n<p class=\"has-text-align-left\"><br><br>\u00c4hnliche spektakul\u00e4re F\u00e4lle befeuerten die Diskussion und f\u00fchrten zu immer weiteren Untersuchungen mit Hans, z. B. die Versuche mit der H\u00fcndin Nora.<\/p>\n\n\n\n<p class=\"has-text-align-left\">Dessen Besitzer, ein gewisser <em>Emilio Rendich<\/em> war es auf \u00e4hnliche Weise wie Herrn von Osten gelungen, seinem Tier beizubringen, auf Fragestellungen &#8211; in diesem Fall mit Bellen -zu antworten.<\/p>\n<\/div>\n\n\n\n<div class=\"wp-container-20 wp-block-column\" style=\"flex-basis:66.66%\">\n<figure class=\"wp-block-image size-large\"><img loading=\"lazy\" width=\"851\" height=\"748\" src=\"https:\/\/www.hestasaga.com\/wp-content\/uploads\/Hans_Hof.jpg\" alt=\"\" class=\"wp-image-7773\" srcset=\"https:\/\/www.hestasaga.com\/wp-content\/uploads\/Hans_Hof.jpg 851w, https:\/\/www.hestasaga.com\/wp-content\/uploads\/Hans_Hof-300x264.jpg 300w, https:\/\/www.hestasaga.com\/wp-content\/uploads\/Hans_Hof-768x675.jpg 768w\" sizes=\"(max-width: 851px) 100vw, 851px\" \/><figcaption><em><strong>&#8222;Hans, wie viele M\u00e4nner haben M\u00fctzen auf?&#8220;<\/strong> Foto\/Karl Krall (1863-1929).<\/em><\/figcaption><\/figure>\n\n\n\n<p><\/p>\n<\/div>\n<\/div>\n\n\n\n<p>Rendich hatte \u00fcber Wochen von Ostens Unterrichtsstunden zugeschaut und mit seiner H\u00fcndin auf \u00e4hnliche Weise ge\u00fcbt, bis sie schlie\u00dflich ebenfalls auf Fragen antworten konnte.<\/p>\n\n\n\n<p class=\"has-text-color\" style=\"color:#045c8f;font-size:28px\"><br>Das R\u00e4tsel wird gel\u00fcftet<\/p>\n\n\n\n<p>Doch auch dieses Beispiel konnte die Zweifel an der Denkf\u00e4higkeit von Tieren nicht ausr\u00e4umen und rief neue wissenschaftliche Forschungen auf den Plan. Nun besch\u00e4ftigte sich ein Team von Psychologen  noch einmal intensiv mit dem  Klugen Hans und gab am 9. Dezember das Ergebnis seiner Untersuchungen bekannt. Es lautete:<\/p>\n\n\n\n<p><em>Das Pferd Der Kluge Hans kann weder lesen noch rechnen<\/em>!<\/p>\n\n\n\n<p>Diese Erkenntnis war sehr ern\u00fcchternd, vor allem f\u00fcr den Besitzer und Lehrer des Pferdes, der sich durch nichts in der Welt von seiner Meinung abbringen lie\u00df, dass sein Pferd denken k\u00f6nne. Doch er blieb damit wohl allein, denn nach Bekanntgabe der neuesten Ergebnisse wurde es schlagartig wieder ruhig in der Griebenowstra\u00dfe. Das Publikum hatte das Interesse an Hans verloren.<\/p>\n\n\n\n<figure class=\"wp-block-image size-large\"><img loading=\"lazy\" width=\"1015\" height=\"709\" src=\"https:\/\/www.hestasaga.com\/wp-content\/uploads\/Hans_Schreiben.jpg\" alt=\"\" class=\"wp-image-7789\" srcset=\"https:\/\/www.hestasaga.com\/wp-content\/uploads\/Hans_Schreiben.jpg 1015w, https:\/\/www.hestasaga.com\/wp-content\/uploads\/Hans_Schreiben-300x210.jpg 300w, https:\/\/www.hestasaga.com\/wp-content\/uploads\/Hans_Schreiben-768x536.jpg 768w\" sizes=\"(max-width: 1015px) 100vw, 1015px\" \/><figcaption><em>Der Kluge Hans schaut seinem Lehrmeister beim Notizenschreiben zu.<br>Foto\/Karl Krall (1863-1929).<\/em><\/figcaption><\/figure>\n\n\n\n<p class=\"has-text-color\" style=\"color:#045c8f;font-size:28px\">Der Kluge Hans Effekt<\/p>\n\n\n\n<p>Doch wie war es m\u00f6glich gewesen, dass das Pferd zahlreiche Fragen richtig beantwortet hatte, was durch unz\u00e4hlige Zuschauer best\u00e4tigt worden war, wenn es doch nicht denken konnte? Hierauf hatten die Wissenschaftler eine \u00fcberzeugende Antwort gefunden:<br>Ein wichtiger Bestandteil  ihrer Versuchsreihe war es gewesen, das Pferd bei der Befragung  von seiner Umwelt zu isolieren, ja es sogar bisweilen mit Scheuklappen auszustatten, um die M\u00f6glichkeit von optischen Hinweisen komplett auszuschalten. Weiterhin stellte man dem Pferd Fragen, dessen Antworten noch  nicht einmal der Fragesteller selbst kannte. Unter diesen Bedingungen versagte das Pferd.<\/p>\n\n\n\n<div class=\"wp-container-24 wp-block-columns\">\n<div class=\"wp-container-22 wp-block-column\" style=\"flex-basis:33.33%\">\n<p><br>Die Psychologen interpretierten das Ergebnis ihrer Versuche wie folgt: Das Pferd hatte gelernt, auf kleinste, vielleicht sogar unbewusste Ver\u00e4nderungen in der K\u00f6rperhaltung des Fragestellers zu achten und daraus einen Hinweis f\u00fcr die Antwort zu entnehmen.    <\/p>\n\n\n\n<p><br>Die Wissenschaftler vermuteten, dass die Fragesteller beim Fragen unbewusst eine gespannte K\u00f6rperhaltung eingenommen hatten, die bei richtiger Antwort durch das Pferd durch Entspannung abgel\u00f6st worden war. <\/p>\n<\/div>\n\n\n\n<div class=\"wp-container-23 wp-block-column\" style=\"flex-basis:66.66%\">\n<figure class=\"wp-block-image size-large\"><img loading=\"lazy\" width=\"836\" height=\"604\" src=\"https:\/\/www.hestasaga.com\/wp-content\/uploads\/Hans_Geradepng.jpg\" alt=\"\" class=\"wp-image-7882\" srcset=\"https:\/\/www.hestasaga.com\/wp-content\/uploads\/Hans_Geradepng.jpg 836w, https:\/\/www.hestasaga.com\/wp-content\/uploads\/Hans_Geradepng-300x217.jpg 300w, https:\/\/www.hestasaga.com\/wp-content\/uploads\/Hans_Geradepng-768x555.jpg 768w\" sizes=\"(max-width: 836px) 100vw, 836px\" \/><figcaption><em><strong>&#8222;Hans, das ist gerade!&#8220;<\/strong> Foto\/Karl Krall (1863-1929).<br>Herr Osten unterrichtete das Pferd Hans einge Jahre weiter bis er selber schwer erkrankte. <\/em><br><\/figcaption><\/figure>\n\n\n\n<p><\/p>\n<\/div>\n<\/div>\n\n\n\n<p>Das Tier, so vermuteten sie, habe nicht selbstst\u00e4ndig gedacht, sondern auf diese Signale der K\u00f6rpersprache reagiert. Angetrieben wurde es durch die Aussicht auf eine Belohnung in Form von einem St\u00fcck Brot oder einer Mohrr\u00fcbe.<\/p>\n\n\n\n<p>Diese Erkenntnisse sind in die Wissenschaftsgeschichte eingegangen und haben der experimentellen Psychologie und der Tierpsychologie zum Durchbruch verholfen.<\/p>\n\n\n\n<p class=\"has-text-color\" style=\"color:#045c8f;font-size:28px\"><br>Ein niederschmetterndes Ergebnis<\/p>\n\n\n\n<p>Nachdem das R\u00e4tsel gel\u00f6st war, wurde es ruhig um den Klugen Hans. Doch sein Besitzer unterrichtete ihn weiter. Halsstarrig hielt er an seiner Lebensaufgabe fest, die \u00d6ffentlichkeit von der Denkf\u00e4higkeit seines Pferd zu \u00fcberzeugen. <\/p>\n\n\n\n<div class=\"wp-container-27 wp-block-columns\">\n<div class=\"wp-container-25 wp-block-column\" style=\"flex-basis:33.33%\">\n<p><br><br>Er zog es sogar in Betracht, den Klugen Hans ins Ausland zu verkaufen oder sogar zu verschenken, wenn man ihm dort die verdiente Anerkennung zuteilwerden lie\u00dfe.&nbsp;<\/p>\n\n\n\n<p><br><br>Doch bevor es dazu kam,  erkrankte Herr Osten an Leberkrebs und verstarb verbittert im Juni 1909. Bis zu seinem Tod war er von der Denkf\u00e4higkeit seines Pferdes Hans \u00fcberzeugt. <\/p>\n\n\n\n<p><br><br>Die Schuld an seinen Misserfolgen gab er der  Launenhaftigkeit des Pferdes  und seiner Krankheit, die verhindert hatte, dass er die Welt durch neue Ergebnisse von den F\u00e4higkeiten seines Pferdes \u00fcberzeugen konnte.<\/p>\n<\/div>\n\n\n\n<div class=\"wp-container-26 wp-block-column\" style=\"flex-basis:66.66%\">\n<figure class=\"wp-block-image size-large\"><img loading=\"lazy\" width=\"862\" height=\"1024\" src=\"https:\/\/www.hestasaga.com\/wp-content\/uploads\/Hans_Hof-Osten-862x1024.jpg\" alt=\"\" class=\"wp-image-7881\" srcset=\"https:\/\/www.hestasaga.com\/wp-content\/uploads\/Hans_Hof-Osten-862x1024.jpg 862w, https:\/\/www.hestasaga.com\/wp-content\/uploads\/Hans_Hof-Osten-253x300.jpg 253w, https:\/\/www.hestasaga.com\/wp-content\/uploads\/Hans_Hof-Osten-768x912.jpg 768w, https:\/\/www.hestasaga.com\/wp-content\/uploads\/Hans_Hof-Osten.jpg 865w\" sizes=\"(max-width: 862px) 100vw, 862px\" \/><figcaption><em>&#8222;Es war ruhig um den Klugen Hans geworden, nachdem das Ergebnis der Untersuchung bekannt geworden war. <em>Herr von Osten<\/em><\/em> und die gesamte<em> Nachbarschaft waren allerdings weiterhin davon \u00fcberzeugt, dass der Kluge Hans sowohl lesen als auch rechnen konnte.&#8220; Foto\/Karl Krall (1863-1929).<\/em><\/figcaption><\/figure>\n<\/div>\n<\/div>\n\n\n\n<figure class=\"wp-block-image size-large\"><img loading=\"lazy\" width=\"1024\" height=\"627\" src=\"https:\/\/www.hestasaga.com\/wp-content\/uploads\/Hans_Krall_KU\u0308sschen-1024x627.jpg\" alt=\"\" class=\"wp-image-7863\" srcset=\"https:\/\/www.hestasaga.com\/wp-content\/uploads\/Hans_Krall_KU\u0308sschen-1024x627.jpg 1024w, https:\/\/www.hestasaga.com\/wp-content\/uploads\/Hans_Krall_KU\u0308sschen-300x184.jpg 300w, https:\/\/www.hestasaga.com\/wp-content\/uploads\/Hans_Krall_KU\u0308sschen-768x471.jpg 768w, https:\/\/www.hestasaga.com\/wp-content\/uploads\/Hans_Krall_KU\u0308sschen.jpg 1309w\" sizes=\"(max-width: 1024px) 100vw, 1024px\" \/><figcaption>Der <em>Kluge Hans mit Karl Krall. Foto\/Unbekannt.<\/em><br><em>Im Jahr 1909 nach dem Tod von Herrn Osten, ist Kluger Hans in den Besitz von Karl Krall gegangen.<\/em><\/figcaption><\/figure>\n\n\n\n<p class=\"has-text-color\" style=\"color:#045c8f;font-size:28px\"><br>Wie ging es f\u00fcr den Klugen Hans weiter?<\/p>\n\n\n\n<p>Auf dem Sterbebett verf\u00fcgte Herr von Osten, dass Hans in den Besitz von Herrn Krall \u00fcbergehen sollte. So wurde das Pferd kurz nach seinem Tod nach Elberfeld in Westfalen transportiert, wo sein neuer Besitzer auf seiner &#8222;Versuchsstation&#8220; weitere Versuche mit ihm und einigen anderen Pferden durchf\u00fchrte. <\/p>\n\n\n\n<p>Im Jahr 1912 ver\u00f6ffentlichte Karl Krall sein Buch mit ausf\u00fchrlichen Beschreibungen der Versuchsreihen, die er selbst und vor ihm Herr von Osten durchgef\u00fchrt hatten.<\/p>\n\n\n\n<p>Seine Motivation f\u00fcr dieses Buch formulierte er wie folgt:<\/p>\n\n\n\n<blockquote class=\"wp-block-quote\"><p>\u201eMeine Unterrichtsversuche mit eigenen Pferden habe ich unternommen, um die Entdeckung von Herrn von Osten vor dem Untergang zu bewahren.\u201c<\/p><cite>Karl Krall, Denkende Tiere, Leipzig 1912, Seite 243<\/cite><\/blockquote>\n\n\n\n<p class=\"has-text-align-left\">Denn Herr von Osten hat selbst nie etwas zu seinen Versuchen aufgeschrieben oder ver\u00f6ffentlicht. Nicht einmal Eintrittsgelder hatte er f\u00fcr seine Vorf\u00fchrungen mit Hans verlangt.<\/p>\n\n\n\n<figure class=\"wp-block-image size-large\"><img loading=\"lazy\" width=\"616\" height=\"445\" src=\"https:\/\/www.hestasaga.com\/wp-content\/uploads\/krall_Muhamed-Zarif.jpg\" alt=\"\" class=\"wp-image-7880\" srcset=\"https:\/\/www.hestasaga.com\/wp-content\/uploads\/krall_Muhamed-Zarif.jpg 616w, https:\/\/www.hestasaga.com\/wp-content\/uploads\/krall_Muhamed-Zarif-300x217.jpg 300w\" sizes=\"(max-width: 616px) 100vw, 616px\" \/><figcaption><em>Karl Krall im Jahr 1910 mit seinen Hengsten Muhamed und Zarif, die ebenfalls gelernt hatten zu lesen und zu rechnen. Foto\/A. Bender<\/em><\/figcaption><\/figure>\n\n\n\n<p>Trotz eines Untersuchungszeitraums von insgesamt siebzehn Jahren konnte auch Krall die Welt nicht von der Denkf\u00e4higkeit der Pferde \u00fcberzeugen. Aber die Versuche waren dennoch von Wert: Sie verhalfen zu entscheidenden Erkenntnissen in der experimentellen Psychologie und der Tierpsychologie.<\/p>\n\n\n\n<p>Im Jahr 1916 wurden alle Pferde in Kralls Besitz f\u00fcr den Krieg eingezogen. Das galt auch f\u00fcr den Klugen Hans, der zuvor wenigstens noch einige Jahre Rente bei seinem neuen Besitzer genie\u00dfen durfte. <\/p>\n\n\n\n<p>Sein weiteres Schicksal ist unbekannt!<\/p>\n\n\n\n<figure class=\"wp-block-image size-large\"><img loading=\"lazy\" width=\"871\" height=\"742\" src=\"https:\/\/www.hestasaga.com\/wp-content\/uploads\/Drei_Eberschof.jpg\" alt=\"\" class=\"wp-image-7945\" srcset=\"https:\/\/www.hestasaga.com\/wp-content\/uploads\/Drei_Eberschof.jpg 871w, https:\/\/www.hestasaga.com\/wp-content\/uploads\/Drei_Eberschof-300x256.jpg 300w, https:\/\/www.hestasaga.com\/wp-content\/uploads\/Drei_Eberschof-768x654.jpg 768w\" sizes=\"(max-width: 871px) 100vw, 871px\" \/><figcaption><em>Muhamed, Zarif und Kluger Hans warten vor dem &#8222;Unterrichtsraum&#8220; in Elberfeld. Foto\/Karl Krall.<\/em><\/figcaption><\/figure>\n\n\n\n<figure class=\"wp-block-image size-large\"><img loading=\"lazy\" width=\"845\" height=\"563\" src=\"https:\/\/www.hestasaga.com\/wp-content\/uploads\/ZarifKarlkrall_Buchstabieren-1.jpg\" alt=\"\" class=\"wp-image-8197\" srcset=\"https:\/\/www.hestasaga.com\/wp-content\/uploads\/ZarifKarlkrall_Buchstabieren-1.jpg 845w, https:\/\/www.hestasaga.com\/wp-content\/uploads\/ZarifKarlkrall_Buchstabieren-1-300x200.jpg 300w, https:\/\/www.hestasaga.com\/wp-content\/uploads\/ZarifKarlkrall_Buchstabieren-1-768x512.jpg 768w\" sizes=\"(max-width: 845px) 100vw, 845px\" \/><figcaption><em>Araberhengst Zarif mit Karl Krall im Jahr 1909, lernt das buchstabieren. Foto\/Unbekannt.<\/em><\/figcaption><\/figure>\n\n\n\n<p class=\"has-text-color\" style=\"color:#045c8f;font-size:28px\"><strong>QUELLEN:<\/strong> <\/p>\n\n\n\n<ul id=\"block-4333a402-a0a1-479e-a028-c06a6a4d2716\"><li>Karl Krall,&nbsp;<em>Denkende Tiere<\/em>, Leipzig 1912<\/li><li>Oskar Pfungst, <em>Das Pferd des Herrn von Osten (Der kluge Hans).<\/em> En Beitrag zur experimentellen Tier- und Menschen Pshychologie, Leipzig 1907<\/li><li>www.wikipedia.org<\/li><li>Fotos aus dem Buch vom Karl Krall,&nbsp;<em>Denkende Tiere<\/em>, Leipzig 1912<\/li><\/ul>\n","protected":false},"excerpt":{"rendered":"<p>Ende des&nbsp;19., Anfang des 20. Jahrhunderts richtete sich die Aufmerksamkeit der Menschen vermehrt auf die Intelligenz der Tiere. Das hing sicher u.a. damit zusammen, dass der britische Naturwissenschaftler Charles Darwin kurz zuvor einige Thesen zu diesem Thema ver\u00f6ffentlicht hatte. Wilhelm von Osten, ein pensionierter Grundschullehrer, hatte sich vorgenommen, die Denkf\u00e4higkeit der Pferde zu beweisen. Leider [&hellip;]<\/p>\n","protected":false},"author":3,"featured_media":7745,"comment_status":"open","ping_status":"open","sticky":false,"template":"","format":"standard","meta":{"episode_type":"audio","audio_file":"","cover_image":"","cover_image_id":"","duration":"","filesize":"","date_recorded":"","explicit":"","block":"","filesize_raw":""},"categories":[20,36],"tags":[],"series":[],"speaker":[],"acf":[],"episode_featured_image":"https:\/\/www.hestasaga.com\/wp-content\/uploads\/Hans_Kopf.jpg","episode_player_image":"https:\/\/www.hestasaga.com\/wp-content\/uploads\/podcast-img-scaled.jpg","download_link":"","player_link":"","audio_player":false,"episode_data":{"playerMode":"dark","subscribeUrls":[],"rssFeedUrl":"https:\/\/www.hestasaga.com\/de\/feed\/podcast\/hestasaga","embedCode":"<blockquote class=\"wp-embedded-content\" data-secret=\"9442fpz0bh\"><a href=\"https:\/\/www.hestasaga.com\/de\/2021\/02\/05\/2-teil-das-wunderpferd-der-kluge-hans\/\">2. TEIL: DAS WUNDERPFERD DER KLUGE HANS<\/a><\/blockquote><iframe sandbox=\"allow-scripts\" security=\"restricted\" src=\"https:\/\/www.hestasaga.com\/de\/2021\/02\/05\/2-teil-das-wunderpferd-der-kluge-hans\/embed\/#?secret=9442fpz0bh\" width=\"500\" height=\"350\" title=\"&#8222;2. TEIL: DAS WUNDERPFERD DER KLUGE HANS&#8220; &#8211; Hestasaga\" data-secret=\"9442fpz0bh\" frameborder=\"0\" marginwidth=\"0\" marginheight=\"0\" scrolling=\"no\" class=\"wp-embedded-content\"><\/iframe><script type=\"text\/javascript\">\n\/*! This file is auto-generated *\/\n!function(c,d){\"use strict\";var e=!1,o=!1;if(d.querySelector)if(c.addEventListener)e=!0;if(c.wp=c.wp||{},c.wp.receiveEmbedMessage);else if(c.wp.receiveEmbedMessage=function(e){var t=e.data;if(!t);else if(!(t.secret||t.message||t.value));else if(\/[^a-zA-Z0-9]\/.test(t.secret));else{for(var r,s,a,i=d.querySelectorAll('iframe[data-secret=\"'+t.secret+'\"]'),n=d.querySelectorAll('blockquote[data-secret=\"'+t.secret+'\"]'),o=new RegExp(\"^https?:$\",\"i\"),l=0;l<n.length;l++)n[l].style.display=\"none\";for(l=0;l<i.length;l++)if(r=i[l],e.source!==r.contentWindow);else{if(r.removeAttribute(\"style\"),\"height\"===t.message){if(1e3<(s=parseInt(t.value,10)))s=1e3;else if(~~s<200)s=200;r.height=s}if(\"link\"===t.message)if(s=d.createElement(\"a\"),a=d.createElement(\"a\"),s.href=r.getAttribute(\"src\"),a.href=t.value,!o.test(a.protocol));else if(a.host===s.host)if(d.activeElement===r)c.top.location.href=t.value}}},e)c.addEventListener(\"message\",c.wp.receiveEmbedMessage,!1),d.addEventListener(\"DOMContentLoaded\",t,!1),c.addEventListener(\"load\",t,!1);function t(){if(o);else{o=!0;for(var e,t,r,s=-1!==navigator.appVersion.indexOf(\"MSIE 10\"),a=!!navigator.userAgent.match(\/Trident.*rv:11\\.\/),i=d.querySelectorAll(\"iframe.wp-embedded-content\"),n=0;n<i.length;n++){if(!(r=(t=i[n]).getAttribute(\"data-secret\")))r=Math.random().toString(36).substr(2,10),t.src+=\"#?secret=\"+r,t.setAttribute(\"data-secret\",r);if(s||a)(e=t.cloneNode(!0)).removeAttribute(\"security\"),t.parentNode.replaceChild(e,t);t.contentWindow.postMessage({message:\"ready\",secret:r},\"*\")}}}}(window,document);\n<\/script>\n"},"yoast_head":"<!-- This site is optimized with the Yoast SEO plugin v19.7.1 - https:\/\/yoast.com\/wordpress\/plugins\/seo\/ -->\n<title>2. TEIL: DAS WUNDERPFERD DER KLUGE HANS - Hestasaga<\/title>\n<meta name=\"description\" content=\"Kluger Hans, Wilhelm von Osten, Karl Krall, Pferd kann lesen und rechen\" \/>\n<meta name=\"robots\" content=\"index, follow, max-snippet:-1, max-image-preview:large, max-video-preview:-1\" \/>\n<link rel=\"canonical\" href=\"https:\/\/www.hestasaga.com\/de\/2021\/02\/05\/2-teil-das-wunderpferd-der-kluge-hans\/\" \/>\n<meta property=\"og:locale\" content=\"de_DE\" \/>\n<meta property=\"og:type\" content=\"article\" \/>\n<meta property=\"og:title\" content=\"2. TEIL: DAS WUNDERPFERD DER KLUGE HANS - Hestasaga\" \/>\n<meta property=\"og:description\" content=\"Kluger Hans, Wilhelm von Osten, Karl Krall, Pferd kann lesen und rechen\" \/>\n<meta property=\"og:url\" content=\"https:\/\/www.hestasaga.com\/de\/2021\/02\/05\/2-teil-das-wunderpferd-der-kluge-hans\/\" \/>\n<meta property=\"og:site_name\" content=\"Hestasaga\" \/>\n<meta property=\"article:publisher\" content=\"https:\/\/www.facebook.com\/hestasaga\/\" \/>\n<meta property=\"article:published_time\" content=\"2021-02-04T23:06:45+00:00\" \/>\n<meta property=\"article:modified_time\" content=\"2021-02-25T15:42:44+00:00\" \/>\n<meta property=\"og:image\" content=\"https:\/\/www.hestasaga.com\/wp-content\/uploads\/Hans_Kopf.jpg\" \/>\n\t<meta property=\"og:image:width\" content=\"461\" \/>\n\t<meta property=\"og:image:height\" content=\"762\" \/>\n\t<meta property=\"og:image:type\" content=\"image\/jpeg\" \/>\n<meta name=\"author\" content=\"Krist\u00edn Halld\u00f3rsd\u00f3ttir\" \/>\n<meta name=\"twitter:card\" content=\"summary_large_image\" \/>\n<meta name=\"twitter:creator\" content=\"@Hestasaga\" \/>\n<meta name=\"twitter:site\" content=\"@Hestasaga\" \/>\n<meta name=\"twitter:label1\" content=\"Verfasst von\" \/>\n\t<meta name=\"twitter:data1\" content=\"Krist\u00edn Halld\u00f3rsd\u00f3ttir\" \/>\n\t<meta name=\"twitter:label2\" content=\"Gesch\u00e4tzte Lesezeit\" \/>\n\t<meta name=\"twitter:data2\" content=\"13\u00a0Minuten\" \/>\n<script type=\"application\/ld+json\" class=\"yoast-schema-graph\">{\"@context\":\"https:\/\/schema.org\",\"@graph\":[{\"@type\":\"Article\",\"@id\":\"https:\/\/www.hestasaga.com\/de\/2021\/02\/05\/2-teil-das-wunderpferd-der-kluge-hans\/#article\",\"isPartOf\":{\"@id\":\"https:\/\/www.hestasaga.com\/de\/2021\/02\/05\/2-teil-das-wunderpferd-der-kluge-hans\/\"},\"author\":{\"name\":\"Krist\u00edn Halld\u00f3rsd\u00f3ttir\",\"@id\":\"https:\/\/www.hestasaga.com\/en\/#\/schema\/person\/6bcd8e996a768d76a863819533c4fdcb\"},\"headline\":\"2. TEIL: DAS WUNDERPFERD DER KLUGE HANS\",\"datePublished\":\"2021-02-04T23:06:45+00:00\",\"dateModified\":\"2021-02-25T15:42:44+00:00\",\"mainEntityOfPage\":{\"@id\":\"https:\/\/www.hestasaga.com\/de\/2021\/02\/05\/2-teil-das-wunderpferd-der-kluge-hans\/\"},\"wordCount\":2255,\"commentCount\":0,\"publisher\":{\"@id\":\"https:\/\/www.hestasaga.com\/en\/#organization\"},\"articleSection\":[\"Besondere Pferde\",\"Historisch\"],\"inLanguage\":\"de\",\"potentialAction\":[{\"@type\":\"CommentAction\",\"name\":\"Comment\",\"target\":[\"https:\/\/www.hestasaga.com\/de\/2021\/02\/05\/2-teil-das-wunderpferd-der-kluge-hans\/#respond\"]}]},{\"@type\":\"WebPage\",\"@id\":\"https:\/\/www.hestasaga.com\/de\/2021\/02\/05\/2-teil-das-wunderpferd-der-kluge-hans\/\",\"url\":\"https:\/\/www.hestasaga.com\/de\/2021\/02\/05\/2-teil-das-wunderpferd-der-kluge-hans\/\",\"name\":\"2. TEIL: DAS WUNDERPFERD DER KLUGE HANS - Hestasaga\",\"isPartOf\":{\"@id\":\"https:\/\/www.hestasaga.com\/en\/#website\"},\"datePublished\":\"2021-02-04T23:06:45+00:00\",\"dateModified\":\"2021-02-25T15:42:44+00:00\",\"description\":\"Kluger Hans, Wilhelm von Osten, Karl Krall, Pferd kann lesen und rechen\",\"breadcrumb\":{\"@id\":\"https:\/\/www.hestasaga.com\/de\/2021\/02\/05\/2-teil-das-wunderpferd-der-kluge-hans\/#breadcrumb\"},\"inLanguage\":\"de\",\"potentialAction\":[{\"@type\":\"ReadAction\",\"target\":[\"https:\/\/www.hestasaga.com\/de\/2021\/02\/05\/2-teil-das-wunderpferd-der-kluge-hans\/\"]}]},{\"@type\":\"BreadcrumbList\",\"@id\":\"https:\/\/www.hestasaga.com\/de\/2021\/02\/05\/2-teil-das-wunderpferd-der-kluge-hans\/#breadcrumb\",\"itemListElement\":[{\"@type\":\"ListItem\",\"position\":1,\"name\":\"Startseite\",\"item\":\"https:\/\/www.hestasaga.com\/de\/\"},{\"@type\":\"ListItem\",\"position\":2,\"name\":\"2. TEIL: DAS WUNDERPFERD DER KLUGE HANS\"}]},{\"@type\":\"WebSite\",\"@id\":\"https:\/\/www.hestasaga.com\/en\/#website\",\"url\":\"https:\/\/www.hestasaga.com\/en\/\",\"name\":\"Hestasaga\",\"description\":\"\",\"publisher\":{\"@id\":\"https:\/\/www.hestasaga.com\/en\/#organization\"},\"potentialAction\":[{\"@type\":\"SearchAction\",\"target\":{\"@type\":\"EntryPoint\",\"urlTemplate\":\"https:\/\/www.hestasaga.com\/en\/?s={search_term_string}\"},\"query-input\":\"required name=search_term_string\"}],\"inLanguage\":\"de\"},{\"@type\":\"Organization\",\"@id\":\"https:\/\/www.hestasaga.com\/en\/#organization\",\"name\":\"HestaSaga\",\"url\":\"https:\/\/www.hestasaga.com\/en\/\",\"sameAs\":[\"https:\/\/www.instagram.com\/hestasaga\/\",\"https:\/\/www.facebook.com\/hestasaga\/\",\"https:\/\/twitter.com\/Hestasaga\"],\"logo\":{\"@type\":\"ImageObject\",\"inLanguage\":\"de\",\"@id\":\"https:\/\/www.hestasaga.com\/en\/#\/schema\/logo\/image\/\",\"url\":\"https:\/\/www.hestasaga.com\/wp-content\/uploads\/hestasaga_logo.png\",\"contentUrl\":\"https:\/\/www.hestasaga.com\/wp-content\/uploads\/hestasaga_logo.png\",\"width\":600,\"height\":214,\"caption\":\"HestaSaga\"},\"image\":{\"@id\":\"https:\/\/www.hestasaga.com\/en\/#\/schema\/logo\/image\/\"}},{\"@type\":\"Person\",\"@id\":\"https:\/\/www.hestasaga.com\/en\/#\/schema\/person\/6bcd8e996a768d76a863819533c4fdcb\",\"name\":\"Krist\u00edn Halld\u00f3rsd\u00f3ttir\",\"image\":{\"@type\":\"ImageObject\",\"inLanguage\":\"de\",\"@id\":\"https:\/\/www.hestasaga.com\/en\/#\/schema\/person\/image\/\",\"url\":\"https:\/\/secure.gravatar.com\/avatar\/fa4a35165437ba3e3b53ebc22cb66eda?s=96&d=mm&r=g\",\"contentUrl\":\"https:\/\/secure.gravatar.com\/avatar\/fa4a35165437ba3e3b53ebc22cb66eda?s=96&d=mm&r=g\",\"caption\":\"Krist\u00edn Halld\u00f3rsd\u00f3ttir\"},\"url\":\"https:\/\/www.hestasaga.com\/de\/author\/kristin\/\"}]}<\/script>\n<!-- \/ Yoast SEO plugin. -->","yoast_head_json":{"title":"2. TEIL: DAS WUNDERPFERD DER KLUGE HANS - Hestasaga","description":"Kluger Hans, Wilhelm von Osten, Karl Krall, Pferd kann lesen und rechen","robots":{"index":"index","follow":"follow","max-snippet":"max-snippet:-1","max-image-preview":"max-image-preview:large","max-video-preview":"max-video-preview:-1"},"canonical":"https:\/\/www.hestasaga.com\/de\/2021\/02\/05\/2-teil-das-wunderpferd-der-kluge-hans\/","og_locale":"de_DE","og_type":"article","og_title":"2. TEIL: DAS WUNDERPFERD DER KLUGE HANS - Hestasaga","og_description":"Kluger Hans, Wilhelm von Osten, Karl Krall, Pferd kann lesen und rechen","og_url":"https:\/\/www.hestasaga.com\/de\/2021\/02\/05\/2-teil-das-wunderpferd-der-kluge-hans\/","og_site_name":"Hestasaga","article_publisher":"https:\/\/www.facebook.com\/hestasaga\/","article_published_time":"2021-02-04T23:06:45+00:00","article_modified_time":"2021-02-25T15:42:44+00:00","og_image":[{"width":461,"height":762,"url":"https:\/\/www.hestasaga.com\/wp-content\/uploads\/Hans_Kopf.jpg","type":"image\/jpeg"}],"author":"Krist\u00edn Halld\u00f3rsd\u00f3ttir","twitter_card":"summary_large_image","twitter_creator":"@Hestasaga","twitter_site":"@Hestasaga","twitter_misc":{"Verfasst von":"Krist\u00edn Halld\u00f3rsd\u00f3ttir","Gesch\u00e4tzte Lesezeit":"13\u00a0Minuten"},"schema":{"@context":"https:\/\/schema.org","@graph":[{"@type":"Article","@id":"https:\/\/www.hestasaga.com\/de\/2021\/02\/05\/2-teil-das-wunderpferd-der-kluge-hans\/#article","isPartOf":{"@id":"https:\/\/www.hestasaga.com\/de\/2021\/02\/05\/2-teil-das-wunderpferd-der-kluge-hans\/"},"author":{"name":"Krist\u00edn Halld\u00f3rsd\u00f3ttir","@id":"https:\/\/www.hestasaga.com\/en\/#\/schema\/person\/6bcd8e996a768d76a863819533c4fdcb"},"headline":"2. TEIL: DAS WUNDERPFERD DER KLUGE HANS","datePublished":"2021-02-04T23:06:45+00:00","dateModified":"2021-02-25T15:42:44+00:00","mainEntityOfPage":{"@id":"https:\/\/www.hestasaga.com\/de\/2021\/02\/05\/2-teil-das-wunderpferd-der-kluge-hans\/"},"wordCount":2255,"commentCount":0,"publisher":{"@id":"https:\/\/www.hestasaga.com\/en\/#organization"},"articleSection":["Besondere Pferde","Historisch"],"inLanguage":"de","potentialAction":[{"@type":"CommentAction","name":"Comment","target":["https:\/\/www.hestasaga.com\/de\/2021\/02\/05\/2-teil-das-wunderpferd-der-kluge-hans\/#respond"]}]},{"@type":"WebPage","@id":"https:\/\/www.hestasaga.com\/de\/2021\/02\/05\/2-teil-das-wunderpferd-der-kluge-hans\/","url":"https:\/\/www.hestasaga.com\/de\/2021\/02\/05\/2-teil-das-wunderpferd-der-kluge-hans\/","name":"2. TEIL: DAS WUNDERPFERD DER KLUGE HANS - Hestasaga","isPartOf":{"@id":"https:\/\/www.hestasaga.com\/en\/#website"},"datePublished":"2021-02-04T23:06:45+00:00","dateModified":"2021-02-25T15:42:44+00:00","description":"Kluger Hans, Wilhelm von Osten, Karl Krall, Pferd kann lesen und rechen","breadcrumb":{"@id":"https:\/\/www.hestasaga.com\/de\/2021\/02\/05\/2-teil-das-wunderpferd-der-kluge-hans\/#breadcrumb"},"inLanguage":"de","potentialAction":[{"@type":"ReadAction","target":["https:\/\/www.hestasaga.com\/de\/2021\/02\/05\/2-teil-das-wunderpferd-der-kluge-hans\/"]}]},{"@type":"BreadcrumbList","@id":"https:\/\/www.hestasaga.com\/de\/2021\/02\/05\/2-teil-das-wunderpferd-der-kluge-hans\/#breadcrumb","itemListElement":[{"@type":"ListItem","position":1,"name":"Startseite","item":"https:\/\/www.hestasaga.com\/de\/"},{"@type":"ListItem","position":2,"name":"2. TEIL: DAS WUNDERPFERD DER KLUGE HANS"}]},{"@type":"WebSite","@id":"https:\/\/www.hestasaga.com\/en\/#website","url":"https:\/\/www.hestasaga.com\/en\/","name":"Hestasaga","description":"","publisher":{"@id":"https:\/\/www.hestasaga.com\/en\/#organization"},"potentialAction":[{"@type":"SearchAction","target":{"@type":"EntryPoint","urlTemplate":"https:\/\/www.hestasaga.com\/en\/?s={search_term_string}"},"query-input":"required name=search_term_string"}],"inLanguage":"de"},{"@type":"Organization","@id":"https:\/\/www.hestasaga.com\/en\/#organization","name":"HestaSaga","url":"https:\/\/www.hestasaga.com\/en\/","sameAs":["https:\/\/www.instagram.com\/hestasaga\/","https:\/\/www.facebook.com\/hestasaga\/","https:\/\/twitter.com\/Hestasaga"],"logo":{"@type":"ImageObject","inLanguage":"de","@id":"https:\/\/www.hestasaga.com\/en\/#\/schema\/logo\/image\/","url":"https:\/\/www.hestasaga.com\/wp-content\/uploads\/hestasaga_logo.png","contentUrl":"https:\/\/www.hestasaga.com\/wp-content\/uploads\/hestasaga_logo.png","width":600,"height":214,"caption":"HestaSaga"},"image":{"@id":"https:\/\/www.hestasaga.com\/en\/#\/schema\/logo\/image\/"}},{"@type":"Person","@id":"https:\/\/www.hestasaga.com\/en\/#\/schema\/person\/6bcd8e996a768d76a863819533c4fdcb","name":"Krist\u00edn Halld\u00f3rsd\u00f3ttir","image":{"@type":"ImageObject","inLanguage":"de","@id":"https:\/\/www.hestasaga.com\/en\/#\/schema\/person\/image\/","url":"https:\/\/secure.gravatar.com\/avatar\/fa4a35165437ba3e3b53ebc22cb66eda?s=96&d=mm&r=g","contentUrl":"https:\/\/secure.gravatar.com\/avatar\/fa4a35165437ba3e3b53ebc22cb66eda?s=96&d=mm&r=g","caption":"Krist\u00edn Halld\u00f3rsd\u00f3ttir"},"url":"https:\/\/www.hestasaga.com\/de\/author\/kristin\/"}]}},"_links":{"self":[{"href":"https:\/\/www.hestasaga.com\/de\/wp-json\/wp\/v2\/posts\/7837"}],"collection":[{"href":"https:\/\/www.hestasaga.com\/de\/wp-json\/wp\/v2\/posts"}],"about":[{"href":"https:\/\/www.hestasaga.com\/de\/wp-json\/wp\/v2\/types\/post"}],"author":[{"embeddable":true,"href":"https:\/\/www.hestasaga.com\/de\/wp-json\/wp\/v2\/users\/3"}],"replies":[{"embeddable":true,"href":"https:\/\/www.hestasaga.com\/de\/wp-json\/wp\/v2\/comments?post=7837"}],"version-history":[{"count":78,"href":"https:\/\/www.hestasaga.com\/de\/wp-json\/wp\/v2\/posts\/7837\/revisions"}],"predecessor-version":[{"id":8269,"href":"https:\/\/www.hestasaga.com\/de\/wp-json\/wp\/v2\/posts\/7837\/revisions\/8269"}],"wp:featuredmedia":[{"embeddable":true,"href":"https:\/\/www.hestasaga.com\/de\/wp-json\/wp\/v2\/media\/7745"}],"wp:attachment":[{"href":"https:\/\/www.hestasaga.com\/de\/wp-json\/wp\/v2\/media?parent=7837"}],"wp:term":[{"taxonomy":"category","embeddable":true,"href":"https:\/\/www.hestasaga.com\/de\/wp-json\/wp\/v2\/categories?post=7837"},{"taxonomy":"post_tag","embeddable":true,"href":"https:\/\/www.hestasaga.com\/de\/wp-json\/wp\/v2\/tags?post=7837"},{"taxonomy":"series","embeddable":true,"href":"https:\/\/www.hestasaga.com\/de\/wp-json\/wp\/v2\/series?post=7837"},{"taxonomy":"speaker","embeddable":true,"href":"https:\/\/www.hestasaga.com\/de\/wp-json\/wp\/v2\/speaker?post=7837"}],"curies":[{"name":"wp","href":"https:\/\/api.w.org\/{rel}","templated":true}]}}