{"id":7157,"date":"2020-07-03T00:20:52","date_gmt":"2020-07-02T22:20:52","guid":{"rendered":"https:\/\/www.hestasaga.com\/?p=7157"},"modified":"2020-07-02T17:31:38","modified_gmt":"2020-07-02T15:31:38","slug":"eine-kleine-geschichte-ueber-die-stute-stjarna","status":"publish","type":"post","link":"https:\/\/www.hestasaga.com\/de\/2020\/07\/03\/eine-kleine-geschichte-ueber-die-stute-stjarna\/","title":{"rendered":"Eine kleine Geschichte \u00fcber die Stute Stjarna"},"content":{"rendered":"\n<p style=\"background-color:#90a7da\" class=\"has-text-color has-background has-normal-font-size has-very-dark-gray-color\">Wie anpassungs- und lernf\u00e4hig Pferde sind und wie schnell sie sich an neue Situationen gew\u00f6hnen,  fast als w\u00fcrden sie &#8222;mitdenken&#8220;, zeigt folgende Geschichte, die wir neulich von einem Leser aus Island zugeschickt bekommen haben. <\/p>\n\n\n\n<figure class=\"wp-block-image size-large\"><img fetchpriority=\"high\" width=\"1024\" height=\"739\" src=\"https:\/\/www.hestasaga.com\/wp-content\/uploads\/HS_Stjarna-1024x739.jpg\" alt=\"\" class=\"wp-image-7146\" srcset=\"https:\/\/www.hestasaga.com\/wp-content\/uploads\/HS_Stjarna-1024x739.jpg 1024w, https:\/\/www.hestasaga.com\/wp-content\/uploads\/HS_Stjarna-300x217.jpg 300w, https:\/\/www.hestasaga.com\/wp-content\/uploads\/HS_Stjarna-768x555.jpg 768w, https:\/\/www.hestasaga.com\/wp-content\/uploads\/HS_Stjarna-1536x1109.jpg 1536w, https:\/\/www.hestasaga.com\/wp-content\/uploads\/HS_Stjarna-2048x1479.jpg 2048w\" sizes=\"(max-width: 1024px) 100vw, 1024px\" \/><figcaption><br><\/figcaption><\/figure>\n\n\n\n<p class=\"has-drop-cap\">Ich liebe Pferde und besitze selber sechs gute Reitpferde. Es sind keine Turnierpferde. Da ich voll berufst\u00e4tig bin und nur in meiner Freizeit Zeit zum Reiten finde, ist der Pferdesport auch nichts f\u00fcr mich. Aber es gibt mir unheimlich viel, mich nach der Arbeit mit meinen Pferden zu besch\u00e4ftigen und in den Sommermonaten zur Entspannung lange Ausritte zu machen.<\/p>\n\n\n\n<p>Ich m\u00f6chte euch nun eine kleine Geschichte \u00fcber eine meiner Stuten erz\u00e4hlen. Sie wird einfach  \u201enur\u201c <em>Stjarna<\/em> genannt und stammt von Mi\u00f0kot auf Island. Ihr Vater <em>Piltur fr\u00e1 Sper\u00f0li<\/em> hat den ersten Preis f\u00fcr Nachzucht erhalten. Ihre Mutter hie\u00df <em>Ma\u00edstjarna fr\u00e1 Hv\u00edtanesi<\/em>. <\/p>\n\n\n\n<p>Ich habe Stjarna bekommen, als sie 7 Jahre alt war. Sie war mein erstes Pferd. Ich hatte damals kaum Erfahrung mit Pferden und auch erst kurz zuvor mit dem Reiten begonnen. Daher war ich anfangs sehr unsicher, ob sie \u00fcberhaupt das richtige Pferd f\u00fcr mich ist, denn sie war sehr temperamentvoll und konnte nie still stehen. Eine Sache ist mir jedoch sofort aufgefallen: Stjarna war sehr intelligent. Manchmal habe ich sogar gedacht, dass sie die Intelligenz eines Menschen besitzt.<\/p>\n\n\n\n<p>Trotz ihres Temperaments  haben wir schnell zusammengefunden. Sie war gut ausgebildet und ein tolles Reitpferd. Ich habe in dieser Zeit sehr viel von ihr gelernt und ihr viel zu verdanken.<\/p>\n\n\n\n<p>Sie ist F\u00fcnfg\u00e4ngerin, man kann sie also auch im Rennpass reiten. Ich habe schnell Pass reiten gelernt, weil Stjarna sich sehr leicht legen l\u00e4sst. Wenn ich mit ihr im 5. Gang durch die Landschaft &#8222;fliege&#8220;,  bekomme ich solche Gl\u00fccksgef\u00fchle, dass ich  die ganze Strecke \u00fcber eine G\u00e4nseh\u00e4ut habe. Es ist unbezahlbar, solche Momente mit Pferden erleben zu d\u00fcrfen!<\/p>\n\n\n\n<p>Den Tag, an dem Stjarna zu mir kam, werde ich nie vergessen. Ich habe sie sofort aufgestallt und am n\u00e4chsten Tag einen kleinen Ausritt mit ihr gemacht. Alles lief super und wir sind beide gl\u00fccklich und zufrieden zur\u00fcckgekommen.<\/p>\n\n\n\n<p>Ich hielt sie vor der Stallt\u00fcr an, stieg ab und f\u00fchrte sie in den Stall. Am n\u00e4chsten Tag machte ich genau dasselbe; Ausritt, anhalten vor der Stallt\u00fcr, absteigen und in den Stall f\u00fchren.<\/p>\n\n\n\n<p>Genau <em>so<\/em> habe ich es auch am dritten Tag gemacht, oder besser gesagt, genau so <em>wollte<\/em> ich  es machen. Wie an den beiden Tagen zuvor habe ich sie nach dem Ausritt an der Stallt\u00fcr angehalten. Doch dann kam es zu meinem gr\u00f6\u00dften Erstaunen anders: Noch bevor ich absteigen konnte, hat Stjarna in die T\u00fcrklinke gebissen und mit dem Kopf die T\u00fcr aufgeschoben!<\/p>\n\n\n\n<p>Es hat mich sehr beeindruckt Zeuge davon zu sein, wie ein Tier selbst\u00e4ndig und ohne Aufforderung eine Aufgabe l\u00f6st, nachdem es diese nur&nbsp;zweimal zuvor gesehen hat.<\/p>\n\n\n\n<p><em><strong>Elvar Reykjal\u00edn<\/strong><\/em><\/p>\n\n\n\n<p class=\"has-text-align-right\"><em><strong>aus dem Isl\u00e4ndischem \u00fcbersetzt<\/strong><\/em><\/p>\n","protected":false},"excerpt":{"rendered":"<p>Wie anpassungs- und lernf\u00e4hig Pferde sind und wie schnell sie sich an neue Situationen gew\u00f6hnen, fast als w\u00fcrden sie &#8222;mitdenken&#8220;, zeigt folgende Geschichte, die wir neulich von einem Leser aus Island zugeschickt bekommen haben. Ich liebe Pferde und besitze selber sechs gute Reitpferde. Es sind keine Turnierpferde. Da ich voll berufst\u00e4tig bin und nur in [&hellip;]<\/p>\n","protected":false},"author":3,"featured_media":7146,"comment_status":"open","ping_status":"open","sticky":false,"template":"","format":"standard","meta":{"episode_type":"audio","audio_file":"","cover_image":"","cover_image_id":"","duration":"","filesize":"","date_recorded":"","explicit":"","block":"","filesize_raw":""},"categories":[1,20,22],"tags":[],"series":[],"speaker":[],"acf":[],"episode_featured_image":"https:\/\/www.hestasaga.com\/wp-content\/uploads\/HS_Stjarna-scaled.jpg","episode_player_image":"https:\/\/www.hestasaga.com\/wp-content\/uploads\/podcast-img-scaled.jpg","download_link":"","player_link":"","audio_player":false,"episode_data":{"playerMode":"dark","subscribeUrls":[],"rssFeedUrl":"https:\/\/www.hestasaga.com\/de\/feed\/podcast\/hestasaga","embedCode":"<blockquote class=\"wp-embedded-content\" data-secret=\"eoDiKhoJW8\"><a href=\"https:\/\/www.hestasaga.com\/de\/2020\/07\/03\/eine-kleine-geschichte-ueber-die-stute-stjarna\/\">Eine kleine Geschichte \u00fcber die Stute Stjarna<\/a><\/blockquote><iframe sandbox=\"allow-scripts\" security=\"restricted\" src=\"https:\/\/www.hestasaga.com\/de\/2020\/07\/03\/eine-kleine-geschichte-ueber-die-stute-stjarna\/embed\/#?secret=eoDiKhoJW8\" width=\"500\" height=\"350\" title=\"&#8222;Eine kleine Geschichte \u00fcber die Stute Stjarna&#8220; &#8211; Hestasaga\" data-secret=\"eoDiKhoJW8\" frameborder=\"0\" marginwidth=\"0\" marginheight=\"0\" scrolling=\"no\" class=\"wp-embedded-content\"><\/iframe><script type=\"text\/javascript\">\n\/*! This file is auto-generated *\/\n!function(c,d){\"use strict\";var e=!1,o=!1;if(d.querySelector)if(c.addEventListener)e=!0;if(c.wp=c.wp||{},c.wp.receiveEmbedMessage);else if(c.wp.receiveEmbedMessage=function(e){var t=e.data;if(!t);else if(!(t.secret||t.message||t.value));else if(\/[^a-zA-Z0-9]\/.test(t.secret));else{for(var r,s,a,i=d.querySelectorAll('iframe[data-secret=\"'+t.secret+'\"]'),n=d.querySelectorAll('blockquote[data-secret=\"'+t.secret+'\"]'),o=new RegExp(\"^https?:$\",\"i\"),l=0;l<n.length;l++)n[l].style.display=\"none\";for(l=0;l<i.length;l++)if(r=i[l],e.source!==r.contentWindow);else{if(r.removeAttribute(\"style\"),\"height\"===t.message){if(1e3<(s=parseInt(t.value,10)))s=1e3;else if(~~s<200)s=200;r.height=s}if(\"link\"===t.message)if(s=d.createElement(\"a\"),a=d.createElement(\"a\"),s.href=r.getAttribute(\"src\"),a.href=t.value,!o.test(a.protocol));else if(a.host===s.host)if(d.activeElement===r)c.top.location.href=t.value}}},e)c.addEventListener(\"message\",c.wp.receiveEmbedMessage,!1),d.addEventListener(\"DOMContentLoaded\",t,!1),c.addEventListener(\"load\",t,!1);function t(){if(o);else{o=!0;for(var e,t,r,s=-1!==navigator.appVersion.indexOf(\"MSIE 10\"),a=!!navigator.userAgent.match(\/Trident.*rv:11\\.\/),i=d.querySelectorAll(\"iframe.wp-embedded-content\"),n=0;n<i.length;n++){if(!(r=(t=i[n]).getAttribute(\"data-secret\")))r=Math.random().toString(36).substr(2,10),t.src+=\"#?secret=\"+r,t.setAttribute(\"data-secret\",r);if(s||a)(e=t.cloneNode(!0)).removeAttribute(\"security\"),t.parentNode.replaceChild(e,t);t.contentWindow.postMessage({message:\"ready\",secret:r},\"*\")}}}}(window,document);\n<\/script>\n"},"yoast_head":"<!-- This site is optimized with the Yoast SEO plugin v19.7.1 - https:\/\/yoast.com\/wordpress\/plugins\/seo\/ -->\n<title>Eine kleine Geschichte \u00fcber die Stute Stjarna - Hestasaga<\/title>\n<meta name=\"robots\" content=\"index, follow, max-snippet:-1, max-image-preview:large, max-video-preview:-1\" \/>\n<link rel=\"canonical\" href=\"https:\/\/www.hestasaga.com\/de\/2020\/07\/03\/eine-kleine-geschichte-ueber-die-stute-stjarna\/\" \/>\n<meta property=\"og:locale\" content=\"de_DE\" \/>\n<meta property=\"og:type\" content=\"article\" \/>\n<meta property=\"og:title\" content=\"Eine kleine Geschichte \u00fcber die Stute Stjarna - Hestasaga\" \/>\n<meta property=\"og:description\" content=\"Wie anpassungs- und lernf\u00e4hig Pferde sind und wie schnell sie sich an neue Situationen gew\u00f6hnen, fast als w\u00fcrden sie &#8222;mitdenken&#8220;, zeigt folgende Geschichte, die wir neulich von einem Leser aus Island zugeschickt bekommen haben. Ich liebe Pferde und besitze selber sechs gute Reitpferde. Es sind keine Turnierpferde. Da ich voll berufst\u00e4tig bin und nur in [&hellip;]\" \/>\n<meta property=\"og:url\" content=\"https:\/\/www.hestasaga.com\/de\/2020\/07\/03\/eine-kleine-geschichte-ueber-die-stute-stjarna\/\" \/>\n<meta property=\"og:site_name\" content=\"Hestasaga\" \/>\n<meta property=\"article:publisher\" content=\"https:\/\/www.facebook.com\/hestasaga\/\" \/>\n<meta property=\"article:published_time\" content=\"2020-07-02T22:20:52+00:00\" \/>\n<meta property=\"article:modified_time\" content=\"2020-07-02T15:31:38+00:00\" \/>\n<meta property=\"og:image\" content=\"https:\/\/www.hestasaga.com\/wp-content\/uploads\/HS_Stjarna-scaled.jpg\" \/>\n\t<meta property=\"og:image:width\" content=\"2560\" \/>\n\t<meta property=\"og:image:height\" content=\"1849\" \/>\n\t<meta property=\"og:image:type\" content=\"image\/jpeg\" \/>\n<meta name=\"author\" content=\"Krist\u00edn Halld\u00f3rsd\u00f3ttir\" \/>\n<meta name=\"twitter:card\" content=\"summary_large_image\" \/>\n<meta name=\"twitter:creator\" content=\"@Hestasaga\" \/>\n<meta name=\"twitter:site\" content=\"@Hestasaga\" \/>\n<meta name=\"twitter:label1\" content=\"Verfasst von\" \/>\n\t<meta name=\"twitter:data1\" content=\"Krist\u00edn Halld\u00f3rsd\u00f3ttir\" \/>\n\t<meta name=\"twitter:label2\" content=\"Gesch\u00e4tzte Lesezeit\" \/>\n\t<meta name=\"twitter:data2\" content=\"3\u00a0Minuten\" \/>\n<script type=\"application\/ld+json\" class=\"yoast-schema-graph\">{\"@context\":\"https:\/\/schema.org\",\"@graph\":[{\"@type\":\"Article\",\"@id\":\"https:\/\/www.hestasaga.com\/de\/2020\/07\/03\/eine-kleine-geschichte-ueber-die-stute-stjarna\/#article\",\"isPartOf\":{\"@id\":\"https:\/\/www.hestasaga.com\/de\/2020\/07\/03\/eine-kleine-geschichte-ueber-die-stute-stjarna\/\"},\"author\":{\"name\":\"Krist\u00edn Halld\u00f3rsd\u00f3ttir\",\"@id\":\"https:\/\/www.hestasaga.com\/en\/#\/schema\/person\/6bcd8e996a768d76a863819533c4fdcb\"},\"headline\":\"Eine kleine Geschichte \u00fcber die Stute Stjarna\",\"datePublished\":\"2020-07-02T22:20:52+00:00\",\"dateModified\":\"2020-07-02T15:31:38+00:00\",\"mainEntityOfPage\":{\"@id\":\"https:\/\/www.hestasaga.com\/de\/2020\/07\/03\/eine-kleine-geschichte-ueber-die-stute-stjarna\/\"},\"wordCount\":512,\"commentCount\":0,\"publisher\":{\"@id\":\"https:\/\/www.hestasaga.com\/en\/#organization\"},\"articleSection\":{\"1\":\"Besondere Pferde\",\"2\":\"Lieblingspferd\"},\"inLanguage\":\"de\",\"potentialAction\":[{\"@type\":\"CommentAction\",\"name\":\"Comment\",\"target\":[\"https:\/\/www.hestasaga.com\/de\/2020\/07\/03\/eine-kleine-geschichte-ueber-die-stute-stjarna\/#respond\"]}]},{\"@type\":\"WebPage\",\"@id\":\"https:\/\/www.hestasaga.com\/de\/2020\/07\/03\/eine-kleine-geschichte-ueber-die-stute-stjarna\/\",\"url\":\"https:\/\/www.hestasaga.com\/de\/2020\/07\/03\/eine-kleine-geschichte-ueber-die-stute-stjarna\/\",\"name\":\"Eine kleine Geschichte \u00fcber die Stute Stjarna - Hestasaga\",\"isPartOf\":{\"@id\":\"https:\/\/www.hestasaga.com\/en\/#website\"},\"datePublished\":\"2020-07-02T22:20:52+00:00\",\"dateModified\":\"2020-07-02T15:31:38+00:00\",\"breadcrumb\":{\"@id\":\"https:\/\/www.hestasaga.com\/de\/2020\/07\/03\/eine-kleine-geschichte-ueber-die-stute-stjarna\/#breadcrumb\"},\"inLanguage\":\"de\",\"potentialAction\":[{\"@type\":\"ReadAction\",\"target\":[\"https:\/\/www.hestasaga.com\/de\/2020\/07\/03\/eine-kleine-geschichte-ueber-die-stute-stjarna\/\"]}]},{\"@type\":\"BreadcrumbList\",\"@id\":\"https:\/\/www.hestasaga.com\/de\/2020\/07\/03\/eine-kleine-geschichte-ueber-die-stute-stjarna\/#breadcrumb\",\"itemListElement\":[{\"@type\":\"ListItem\",\"position\":1,\"name\":\"Startseite\",\"item\":\"https:\/\/www.hestasaga.com\/de\/\"},{\"@type\":\"ListItem\",\"position\":2,\"name\":\"Eine kleine Geschichte \u00fcber die Stute Stjarna\"}]},{\"@type\":\"WebSite\",\"@id\":\"https:\/\/www.hestasaga.com\/en\/#website\",\"url\":\"https:\/\/www.hestasaga.com\/en\/\",\"name\":\"Hestasaga\",\"description\":\"\",\"publisher\":{\"@id\":\"https:\/\/www.hestasaga.com\/en\/#organization\"},\"potentialAction\":[{\"@type\":\"SearchAction\",\"target\":{\"@type\":\"EntryPoint\",\"urlTemplate\":\"https:\/\/www.hestasaga.com\/en\/?s={search_term_string}\"},\"query-input\":\"required name=search_term_string\"}],\"inLanguage\":\"de\"},{\"@type\":\"Organization\",\"@id\":\"https:\/\/www.hestasaga.com\/en\/#organization\",\"name\":\"HestaSaga\",\"url\":\"https:\/\/www.hestasaga.com\/en\/\",\"sameAs\":[\"https:\/\/www.instagram.com\/hestasaga\/\",\"https:\/\/www.facebook.com\/hestasaga\/\",\"https:\/\/twitter.com\/Hestasaga\"],\"logo\":{\"@type\":\"ImageObject\",\"inLanguage\":\"de\",\"@id\":\"https:\/\/www.hestasaga.com\/en\/#\/schema\/logo\/image\/\",\"url\":\"https:\/\/www.hestasaga.com\/wp-content\/uploads\/hestasaga_logo.png\",\"contentUrl\":\"https:\/\/www.hestasaga.com\/wp-content\/uploads\/hestasaga_logo.png\",\"width\":600,\"height\":214,\"caption\":\"HestaSaga\"},\"image\":{\"@id\":\"https:\/\/www.hestasaga.com\/en\/#\/schema\/logo\/image\/\"}},{\"@type\":\"Person\",\"@id\":\"https:\/\/www.hestasaga.com\/en\/#\/schema\/person\/6bcd8e996a768d76a863819533c4fdcb\",\"name\":\"Krist\u00edn Halld\u00f3rsd\u00f3ttir\",\"image\":{\"@type\":\"ImageObject\",\"inLanguage\":\"de\",\"@id\":\"https:\/\/www.hestasaga.com\/en\/#\/schema\/person\/image\/\",\"url\":\"https:\/\/secure.gravatar.com\/avatar\/fa4a35165437ba3e3b53ebc22cb66eda?s=96&d=mm&r=g\",\"contentUrl\":\"https:\/\/secure.gravatar.com\/avatar\/fa4a35165437ba3e3b53ebc22cb66eda?s=96&d=mm&r=g\",\"caption\":\"Krist\u00edn Halld\u00f3rsd\u00f3ttir\"},\"url\":\"https:\/\/www.hestasaga.com\/de\/author\/kristin\/\"}]}<\/script>\n<!-- \/ Yoast SEO plugin. -->","yoast_head_json":{"title":"Eine kleine Geschichte \u00fcber die Stute Stjarna - Hestasaga","robots":{"index":"index","follow":"follow","max-snippet":"max-snippet:-1","max-image-preview":"max-image-preview:large","max-video-preview":"max-video-preview:-1"},"canonical":"https:\/\/www.hestasaga.com\/de\/2020\/07\/03\/eine-kleine-geschichte-ueber-die-stute-stjarna\/","og_locale":"de_DE","og_type":"article","og_title":"Eine kleine Geschichte \u00fcber die Stute Stjarna - Hestasaga","og_description":"Wie anpassungs- und lernf\u00e4hig Pferde sind und wie schnell sie sich an neue Situationen gew\u00f6hnen, fast als w\u00fcrden sie &#8222;mitdenken&#8220;, zeigt folgende Geschichte, die wir neulich von einem Leser aus Island zugeschickt bekommen haben. Ich liebe Pferde und besitze selber sechs gute Reitpferde. Es sind keine Turnierpferde. Da ich voll berufst\u00e4tig bin und nur in [&hellip;]","og_url":"https:\/\/www.hestasaga.com\/de\/2020\/07\/03\/eine-kleine-geschichte-ueber-die-stute-stjarna\/","og_site_name":"Hestasaga","article_publisher":"https:\/\/www.facebook.com\/hestasaga\/","article_published_time":"2020-07-02T22:20:52+00:00","article_modified_time":"2020-07-02T15:31:38+00:00","og_image":[{"width":2560,"height":1849,"url":"https:\/\/www.hestasaga.com\/wp-content\/uploads\/HS_Stjarna-scaled.jpg","type":"image\/jpeg"}],"author":"Krist\u00edn Halld\u00f3rsd\u00f3ttir","twitter_card":"summary_large_image","twitter_creator":"@Hestasaga","twitter_site":"@Hestasaga","twitter_misc":{"Verfasst von":"Krist\u00edn Halld\u00f3rsd\u00f3ttir","Gesch\u00e4tzte Lesezeit":"3\u00a0Minuten"},"schema":{"@context":"https:\/\/schema.org","@graph":[{"@type":"Article","@id":"https:\/\/www.hestasaga.com\/de\/2020\/07\/03\/eine-kleine-geschichte-ueber-die-stute-stjarna\/#article","isPartOf":{"@id":"https:\/\/www.hestasaga.com\/de\/2020\/07\/03\/eine-kleine-geschichte-ueber-die-stute-stjarna\/"},"author":{"name":"Krist\u00edn Halld\u00f3rsd\u00f3ttir","@id":"https:\/\/www.hestasaga.com\/en\/#\/schema\/person\/6bcd8e996a768d76a863819533c4fdcb"},"headline":"Eine kleine Geschichte \u00fcber die Stute Stjarna","datePublished":"2020-07-02T22:20:52+00:00","dateModified":"2020-07-02T15:31:38+00:00","mainEntityOfPage":{"@id":"https:\/\/www.hestasaga.com\/de\/2020\/07\/03\/eine-kleine-geschichte-ueber-die-stute-stjarna\/"},"wordCount":512,"commentCount":0,"publisher":{"@id":"https:\/\/www.hestasaga.com\/en\/#organization"},"articleSection":{"1":"Besondere Pferde","2":"Lieblingspferd"},"inLanguage":"de","potentialAction":[{"@type":"CommentAction","name":"Comment","target":["https:\/\/www.hestasaga.com\/de\/2020\/07\/03\/eine-kleine-geschichte-ueber-die-stute-stjarna\/#respond"]}]},{"@type":"WebPage","@id":"https:\/\/www.hestasaga.com\/de\/2020\/07\/03\/eine-kleine-geschichte-ueber-die-stute-stjarna\/","url":"https:\/\/www.hestasaga.com\/de\/2020\/07\/03\/eine-kleine-geschichte-ueber-die-stute-stjarna\/","name":"Eine kleine Geschichte \u00fcber die Stute Stjarna - Hestasaga","isPartOf":{"@id":"https:\/\/www.hestasaga.com\/en\/#website"},"datePublished":"2020-07-02T22:20:52+00:00","dateModified":"2020-07-02T15:31:38+00:00","breadcrumb":{"@id":"https:\/\/www.hestasaga.com\/de\/2020\/07\/03\/eine-kleine-geschichte-ueber-die-stute-stjarna\/#breadcrumb"},"inLanguage":"de","potentialAction":[{"@type":"ReadAction","target":["https:\/\/www.hestasaga.com\/de\/2020\/07\/03\/eine-kleine-geschichte-ueber-die-stute-stjarna\/"]}]},{"@type":"BreadcrumbList","@id":"https:\/\/www.hestasaga.com\/de\/2020\/07\/03\/eine-kleine-geschichte-ueber-die-stute-stjarna\/#breadcrumb","itemListElement":[{"@type":"ListItem","position":1,"name":"Startseite","item":"https:\/\/www.hestasaga.com\/de\/"},{"@type":"ListItem","position":2,"name":"Eine kleine Geschichte \u00fcber die Stute Stjarna"}]},{"@type":"WebSite","@id":"https:\/\/www.hestasaga.com\/en\/#website","url":"https:\/\/www.hestasaga.com\/en\/","name":"Hestasaga","description":"","publisher":{"@id":"https:\/\/www.hestasaga.com\/en\/#organization"},"potentialAction":[{"@type":"SearchAction","target":{"@type":"EntryPoint","urlTemplate":"https:\/\/www.hestasaga.com\/en\/?s={search_term_string}"},"query-input":"required name=search_term_string"}],"inLanguage":"de"},{"@type":"Organization","@id":"https:\/\/www.hestasaga.com\/en\/#organization","name":"HestaSaga","url":"https:\/\/www.hestasaga.com\/en\/","sameAs":["https:\/\/www.instagram.com\/hestasaga\/","https:\/\/www.facebook.com\/hestasaga\/","https:\/\/twitter.com\/Hestasaga"],"logo":{"@type":"ImageObject","inLanguage":"de","@id":"https:\/\/www.hestasaga.com\/en\/#\/schema\/logo\/image\/","url":"https:\/\/www.hestasaga.com\/wp-content\/uploads\/hestasaga_logo.png","contentUrl":"https:\/\/www.hestasaga.com\/wp-content\/uploads\/hestasaga_logo.png","width":600,"height":214,"caption":"HestaSaga"},"image":{"@id":"https:\/\/www.hestasaga.com\/en\/#\/schema\/logo\/image\/"}},{"@type":"Person","@id":"https:\/\/www.hestasaga.com\/en\/#\/schema\/person\/6bcd8e996a768d76a863819533c4fdcb","name":"Krist\u00edn Halld\u00f3rsd\u00f3ttir","image":{"@type":"ImageObject","inLanguage":"de","@id":"https:\/\/www.hestasaga.com\/en\/#\/schema\/person\/image\/","url":"https:\/\/secure.gravatar.com\/avatar\/fa4a35165437ba3e3b53ebc22cb66eda?s=96&d=mm&r=g","contentUrl":"https:\/\/secure.gravatar.com\/avatar\/fa4a35165437ba3e3b53ebc22cb66eda?s=96&d=mm&r=g","caption":"Krist\u00edn Halld\u00f3rsd\u00f3ttir"},"url":"https:\/\/www.hestasaga.com\/de\/author\/kristin\/"}]}},"_links":{"self":[{"href":"https:\/\/www.hestasaga.com\/de\/wp-json\/wp\/v2\/posts\/7157"}],"collection":[{"href":"https:\/\/www.hestasaga.com\/de\/wp-json\/wp\/v2\/posts"}],"about":[{"href":"https:\/\/www.hestasaga.com\/de\/wp-json\/wp\/v2\/types\/post"}],"author":[{"embeddable":true,"href":"https:\/\/www.hestasaga.com\/de\/wp-json\/wp\/v2\/users\/3"}],"replies":[{"embeddable":true,"href":"https:\/\/www.hestasaga.com\/de\/wp-json\/wp\/v2\/comments?post=7157"}],"version-history":[{"count":7,"href":"https:\/\/www.hestasaga.com\/de\/wp-json\/wp\/v2\/posts\/7157\/revisions"}],"predecessor-version":[{"id":7185,"href":"https:\/\/www.hestasaga.com\/de\/wp-json\/wp\/v2\/posts\/7157\/revisions\/7185"}],"wp:featuredmedia":[{"embeddable":true,"href":"https:\/\/www.hestasaga.com\/de\/wp-json\/wp\/v2\/media\/7146"}],"wp:attachment":[{"href":"https:\/\/www.hestasaga.com\/de\/wp-json\/wp\/v2\/media?parent=7157"}],"wp:term":[{"taxonomy":"category","embeddable":true,"href":"https:\/\/www.hestasaga.com\/de\/wp-json\/wp\/v2\/categories?post=7157"},{"taxonomy":"post_tag","embeddable":true,"href":"https:\/\/www.hestasaga.com\/de\/wp-json\/wp\/v2\/tags?post=7157"},{"taxonomy":"series","embeddable":true,"href":"https:\/\/www.hestasaga.com\/de\/wp-json\/wp\/v2\/series?post=7157"},{"taxonomy":"speaker","embeddable":true,"href":"https:\/\/www.hestasaga.com\/de\/wp-json\/wp\/v2\/speaker?post=7157"}],"curies":[{"name":"wp","href":"https:\/\/api.w.org\/{rel}","templated":true}]}}