{"id":132,"date":"2023-03-10T00:15:00","date_gmt":"2023-03-09T23:15:00","guid":{"rendered":"http:\/\/neu.hestasaga.com\/?p=132"},"modified":"2023-02-26T19:24:05","modified_gmt":"2023-02-26T18:24:05","slug":"mosi-mein-lebensretter","status":"publish","type":"post","link":"https:\/\/www.hestasaga.com\/de\/2023\/03\/10\/mosi-mein-lebensretter\/","title":{"rendered":"M\u00f3si, mein Lebensretter"},"content":{"rendered":"\n<figure class=\"wp-block-image\"><img src=\"https:\/\/www.hestasaga.com\/wp-content\/uploads\/2018\/06\/HS-Mosi.jpg\" alt=\"\"\/><figcaption><br><\/figcaption><\/figure>\n\n\n\n<p class=\"has-drop-cap\">Wie alt ich auch werde \u2013 eine Begebenheit, die ich erlebt habe, als ich knapp elf Jahre alt war, werde ich nie vergessen. Ich verbrachte, wie schon einige Male zuvor, die Sommerferien als  Stallbursche auf demselben Hof. Meine Hauptarbeit \u2013 wenn man es so sagen  darf \u2013 bestand darin,&nbsp; w\u00e4hrend der Heuernte die Erntehelfer mit Kaffee,  Kuchen und weiterem Proviant zu versorgen. <\/p>\n\n\n\n<p>Hierf\u00fcr bekam ich immer  dasselbe Pferd, einen sechzehn Jahre alten mausfalbfarbenen Wallach, der  immer einfach nur M\u00f3si genannt wurde. Wie viele Landjungen wollte ich am liebsten nur gute Pferde reiten. Aber war M\u00f3si denn ein G\u00e6\u00f0ingur (G\u00e6\u00f0ingur= herausragendes Reitpferd),  fragt sich vielleicht der ein oder andere. Das konnte ich nicht  beurteilen, da er schon im fortgeschrittenen Alter war, als ich ihn  kennenlernte. Wenn mich nicht alles t\u00e4uscht, muss er schnell und  unerschrocken gewesen sein, als er jung war.<\/p>\n\n\n\n<p>Als ich ihn zu reiten begann, war er schon ein wenig ausgelaugt und  die jugendliche Leichtigkeit war l\u00e4ngst verschwunden. Jedoch war er  immer arbeitswillig, leicht in der Hand und sehr bequem zu sitzen. Auch  war er ausgesprochen brav im Umgang. Ich habe M\u00f3si viel zu verdanken. Er  war immer&nbsp; derjenige, der mir die langen Wege erleichtert und mich bei  allen schwierigeren Aufgaben unterst\u00fctzt hat. <\/p>\n\n\n\n<p>Von meiner Seite&nbsp; aus w\u00e4re  es ein Vertrauensbruch gewesen, nur ein einziges schlechtes Wort zu  verlieren, jetzt, da er gestorben ist und unsere Wege sich schon lange  endg\u00fcltig getrennt haben. Erinnerungen an den alten M\u00f3si w\u00e4rmen meine Gedanken nicht zuletzt  deshalb, weil es mir nicht aus dem Kopf geht, dass ich ihm mein Leben  teilweise, wenn nicht sogar ganz zu verdanken habe. <\/p>\n\n\n\n<p>Das h\u00e4ngt mit einem  Ereignis zusammen, das sich w\u00e4hrend meiner Arbeit zugetragen hat, die  ich bereits zu Beginn dieses Berichts erw\u00e4hnt habe. Es trug sich an einem sonnigen Tage bei der Heuernte zu. Ich hatte  die Aufgaben, die mir f\u00fcr den Vormittag zugeteilt waren, bereits  erledigt und lief mit einer Trense in der Hand zur Weide, um M\u00f3si zu  holen, denn es war wieder an der Zeit den Erntehelfern das Mittagsessen  zu bringen. <\/p>\n\n\n\n<figure class=\"wp-block-image size-large\"><img src=\"https:\/\/www.hestasaga.com\/wp-content\/uploads\/Mosi_I_haga-1-1024x768.jpg\" alt=\"\" class=\"wp-image-8782\"\/><figcaption><em>Die Erinnerungen an M\u00f3si w\u00e4rmen meine Gedanken, da ich ihm mein Leben zu verdanken habe. Bild\/Mar\u00eda G\u00edslad\u00f3ttir<\/em><\/figcaption><\/figure>\n\n\n\n<p>Als ich bei M\u00f3si ankam, schaute er mich an, als ob er sagen  wollte: \u201eAch, ist es denn schon wieder soweit?\u201c Aber er lie\u00df sich wie  immer willig zum Haus f\u00fchren. Dort legte ich ihm den kleinen Sattel auf,  den man mir f\u00fcr den Sommer ausgeliehen hatte. Die B\u00e4uerin kam mit dem  Proviant, den ich den Erntehelfern bringen sollte. Es war ein recht  gro\u00dfer Eimer mit Getr\u00e4nken und einem Sack voll Fladenbrot. <\/p>\n\n\n\n<p>Den Sack band  ich am Gurt fest und nachdem ich im Sattel sa\u00df, reichte die B\u00e4uerin mir  den Eimer hoch, den ich vor meinem Scho\u00df transportieren musste. Als ich  mich und mein Gep\u00e4ck im Sattel ausbalanciert hatte, lief M\u00f3si langsam  den Pfad&nbsp; in Richtung der M\u00e4hwiesen am Rande des Berges hinunter. Um  dorthin zu gelangen, musste man kreuz und quer durch tiefe Schluchten  und Felsspalten reiten. Die schmalen Pfade waren nur ansatzweise zu  erkennen. <\/p>\n\n\n\n<p>Es dauerte etwa eine Stunde im Schritt, um sie zu erreichen.  Es gab allerdings auch einen anderen Weg zu den M\u00e4hwiesen, der viel  k\u00fcrzer war.&nbsp; Dieser befand sich unterhalb der Schluchten und f\u00fchrte  durch ein feuchtes Moorgebiet mit vielen kleinen Teichen und  Sumpfl\u00f6chern. Der Bauer hatte mir jedoch strengstens verboten diesen Weg  zu nehmen, da es f\u00fcr mich und das Pferd gef\u00e4hrlich sein k\u00f6nnte.<\/p>\n\n\n\n<p>Bis zu diesem Tag hatte ich immer seine Anweisung befolgt und  die Pfade am Rande des Berges genommen. Heute jedoch kam mir, als ich  gerade vom Hof weggeritten war, die Idee, es k\u00f6nnte mehr Spa\u00df machen den  unteren Weg zu reiten. Vielleicht hat dabei auch eine Rolle gespielt,  dass der Bauer mich am Tag zuvor ausgeschimpft hatte, weil ich das Essen  zu sp\u00e4t gebracht hatte, obwohl ich daf\u00fcr nichts konnte. <\/p>\n\n\n\n<p>Ich wollte  nicht, dass es ein zweites Mal passierte &nbsp;und entschied mich wohl auch  deshalb&nbsp; f\u00fcr den k\u00fcrzeren Weg. Ich wusste auch, dass man am Ende des  Weges einen Schlenker in Richtung Berg machen konnte, bevor man von den  Erntehelfern gesehen &nbsp;wurde. <\/p>\n\n\n\n<figure class=\"wp-block-image size-full\"><img fetchpriority=\"high\" width=\"1000\" height=\"750\" src=\"https:\/\/www.hestasaga.com\/wp-content\/uploads\/HS-Eitill-WEB.jpg\" alt=\"\" class=\"wp-image-654\" srcset=\"https:\/\/www.hestasaga.com\/wp-content\/uploads\/HS-Eitill-WEB.jpg 1000w, https:\/\/www.hestasaga.com\/wp-content\/uploads\/HS-Eitill-WEB-300x225.jpg 300w, https:\/\/www.hestasaga.com\/wp-content\/uploads\/HS-Eitill-WEB-768x576.jpg 768w\" sizes=\"(max-width: 1000px) 100vw, 1000px\" \/><\/figure>\n\n\n\n<p><br>Dann w\u00fcrde es so aussehen, als h\u00e4tte ich  den \u00fcblichen Weg genommen. Alles ging recht gut und ich lie\u00df M\u00f3si weitgehend allein den Weg f\u00fcr  uns w\u00e4hlen. Er mied alle nassen Moors\u00fcmpfe und&nbsp; versuchte die  trockeneren Bereiche zu erwischen. So tippelte er auf den Erdh\u00fcgeln  entlang und ich hatte die Hoffnung , dass alles gutgehen w\u00fcrde. Das  schlimmste Gebiet lag jedoch noch vor uns. Wir mussten uns unterhalb der  Schlucht \u201eIllagil\u201c (Name einer Schlucht auf Island), durchk\u00e4mpfen. <\/p>\n\n\n\n<p>Dort  waren die Moors\u00fcmpfe am gef\u00e4hrlichsten und es war kaum ein fester  Untergrund zu finden. Ich konnte nun jedoch nicht mehr umkehren und  \u00fcberlie\u00df M\u00f3si deshalb vollkommen die Entscheidung, wohin er seine Tritte  setzen wollte. Doch pl\u00f6tzlich sank er tief ins Moor. Es geschah alles  so schnell, dass ich keine Zeit hatte zu reagieren. Da ich nicht fest  genug gesattelt hatte, rutsche ich zur Seite und versank so tief im  Schlamm, dass nur noch mein Kopf herausschaute und ich weder H\u00e4nde noch  F\u00fc\u00dfe bewegen konnte. <\/p>\n\n\n\n<p>H\u00e4tte M\u00f3si herumgestrampelt, w\u00e4re ich noch tiefer  eingesunken und sicherlich unter dem Pferd erstickt. Es war als ob M\u00f3si  es ahnte, denn er machte nicht&nbsp; die kleinste Bewegung. Lange w\u00fcrden wir  zwei es so nicht aushalten k\u00f6nnen und unweigerlich tiefer und tiefer  sinken,&nbsp; wenn nicht schnell Hilfe kommen w\u00fcrde. Ich habe jedoch nicht  einmal den Versuch unternommen nach Hilfe zu rufen: Ich war wie  versteinert und still wie ein Grab. Es war, als w\u00fcrde &nbsp;mich jemand daran  hindern zu rufen, obwohl wir nah genug an den Leuten waren und eine  Chance bestand, dass sie mich h\u00f6rten und uns zu Hilfe k\u00e4men.<\/p>\n\n\n\n<p>In diesem Augenblick schossen mir viele Gedanken durch den Kopf, doch\n ich konnte sie nicht sortieren. Merkw\u00fcrdigerweise versp\u00fcrte ich \nkeinerlei Angst, was mich bis heute erstaunt , da ich eigentlich keine \nHoffnung hatte, dass wir uns aus diesem bodenlosen Sumpf befreien \nk\u00f6nnten und es schien nur noch der Tod auf uns warten.<\/p>\n\n\n\n<p>Die Leute m\u00e4hten an diesem Tag &nbsp;westlich der Schlucht und harkten mit  Rechen das Heu zusammen. Da zwischen der Heuwiese und uns ein H\u00fcgel  lag, konnten die Erntehelfer uns nicht kommen sehen. Doch dann passierte  ein kleines Missgeschick, was ich noch heute als Zeichen einer  unsichtbaren h\u00f6heren Gewalt deute. Eines der M\u00e4dchen hatte ihren Rechen zerbrochen. Der Bauer nahm die  Teile und ging damit zum Zelt, das etwas h\u00f6her im Hang lag. Von dort aus  konnte man einen Teil des Moorgebietes \u00fcberblicken. <\/p>\n\n\n\n<p>Im Zelt waren  Werkzeuge und Ersatzteile&nbsp; aufbewahrt. Der Bauer wollte wohl einen neuen  Rechen holen. Als er aus dem&nbsp; Zelt kam, warf er einen Blick zum Moor  hin\u00fcber und sah M\u00f3si im Sumpf stecken. Mich konnte er nicht sehen, was  nicht verwunderlich war, da ja nur noch mein Kopf aus dem Boden ragte.  Der Bauer rief die Erntehelfer zu sich und bat sie schnell mit Seilen  nachzukommen. <\/p>\n\n\n\n<p>Er selbst rannte zu M\u00f3si und mir. Ich bemerkte ihn erst,  als er direkt vor uns stand. Im Grunde war der Bauer ein gutherziger  Mann, aber er war temperamentvoll und konnte sehr bissig und unangenehm  in der Wortwahl werden. Selbst in dieser f\u00fcr mich so misslichen Lage  &nbsp;konnte er sich nicht beherrschen und schimpfte mit mir, bevor er sich  an meine Rettung machte.<\/p>\n\n\n\n<figure class=\"wp-block-image\"><img src=\"https:\/\/www.hestasaga.com\/wp-content\/uploads\/2018\/06\/HS-heyannir.jpg\" alt=\"\"\/><\/figure>\n\n\n\n<p><br>Er hat mich mit seinen Worten sehr verletzt und ich fand es  r\u00fccksichtslos und unangemessen mich in dieser Notsituation  zurechtzuweisen, nur weil ich nicht ganz seinen Befehlen gefolgt war. Erst nach seiner Strafpredigt begann er mit meiner Rettung und es  gelang schlie\u00dflich mit gro\u00dfer Anstrengung mich aus dem Sumpft zu ziehen.  <\/p>\n\n\n\n<p>M\u00f3si blieb w\u00e4hrenddessen vollkommen regungslos \u2013 selbst als die M\u00e4nner  die Seile um ihn herumlegten, r\u00fchrte er sich nicht. Ich habe noch nie  ein Tier gesehen, dass unter solchen Umst\u00e4nden so ruhig geblieben ist.  Doch als die Seile sich strafften, zeigte er&nbsp; Kraft und Schnelligkeit  und k\u00e4mpfte &nbsp;sich scheinbar mit nur wenig Anstrengung aus dem Sumpf.  Anschlie\u00dfend sch\u00fcttelte er sich und blickte das Moorloch b\u00f6se an.<\/p>\n\n\n\n<p>Ich m\u00f6chte nicht beschreiben, wie ich nach diesem Schlammbad  ausgesehen habe. Was den Proviant anbetrifft, so ist der Eimer samt  seines Inhalts im Sumpf verschwunden und nie wieder aufgetaucht. Der  Sack mit dem Fladenbrot, der an meinem Gurt befestigt war, konnte &nbsp;als  einziges gerettet werden, aber nach dem Schlammbad war das Brot nicht  mehr sehr appetitlich.<\/p>\n\n\n\n<p>Ich &nbsp;habe dem Bauer nie f\u00fcr meine Lebensrettung gedankt. Ich war wohl  zu verletzt von seiner scharfen Zurechtweisung, bevor er mir aus meiner  furtchtbaren Lage half. Aber ich erinnere mich sehr genau, dass ich  danach zu M\u00f3si ging, mich an ihn schmiegte, ihn streichelte&nbsp; und ihm  dankte. Das Pferd hatte in dieser schlimmen Situation mehr R\u00fccksicht auf  mich genommen als der Bauer! M\u00f3si ist zwar nur ein Tier, aber er hatte  die Gefahr gesp\u00fcrt und indem er die Ruhe bewahrte, hat er aus meiner  Sicht den gr\u00f6\u00dften Teil zu unserer Rettung beigetragen. <\/p>\n\n\n\n<p>Ich selber habe  wohl damals nicht erfasst, wie gro\u00df die Gefahr tats\u00e4chlich gewesen war,  erst sp\u00e4ter, als die Hofbewohner dar\u00fcber sprachen, wurde es mir klar. In den letzten Jahren ist mir dieser Vorfall oft in den Sinn gekommen  und ich musste dabei viel an den alten M\u00f3si denken. <\/p>\n\n\n\n<p>Die Erinnerung an  ihn w\u00e4rmt mein Herz &nbsp;mehr als vieles andere, was ich erlebt habe, und  ich werde ihn nie vergessen, obwohl er jetzt schon seit einiger Zeit tot  ist. Die Erinnerung an ihn bleibt mit &nbsp;dem hier beschriebenen Ereignis  verkn\u00fcpft. Ich werde nie vergessen, wie ruhig er geblieben ist und  welche Klugheit er bei diesem Unfall bewiesen hat. In meinen Augen war  er mein Lebensretter und nicht der Bauer, &nbsp;obwohl letztendlich er es  &nbsp;war, der mich aus dem Sumpf gezogen hat.<\/p>\n\n\n\n<p>Auch finde ich es bemerkenswert, dass der Rechen genau in dem  Augenblick zerbrach, als M\u00f3si und ich im Sumpf versanken. W\u00e4re dies  nicht passiert, &nbsp;h\u00e4tte der Bauer sich nicht auf den Weg zum Zelt gemacht  und wahrscheinlich h\u00e4tte man uns dann erst zu sp\u00e4t oder gar nicht  entdeckt. Ich habe deshalb immer das Gef\u00fchl gehabt, dass damals eine  h\u00f6here Gewalt im Spiel war, eine Macht, die das Geschick der Menschen  mit unsichtbaren H\u00e4nden steuern kann und durch die sich f\u00fcr uns  unverst\u00e4ndliche Wege auftun.<\/p>\n\n\n\n<p><em><strong>Larg\u00f3<\/strong><\/em><\/p>\n\n\n\n<p>Originaltitel:&nbsp; &nbsp; &nbsp;&nbsp;<strong>M\u00f3sa minning.&nbsp;<\/strong>&nbsp;D\u00fdraverndarinn, 17. Jahrgang 1931, 8. Heft, Seite 65-66<\/p>\n\n\n\n<p class=\"has-text-align-center\"><strong>Die Geschichte ist m\u00f6glichst textgenau aus dem Isl\u00e4ndischen \u00fcbertragen worden, um ihren Charakter nicht zu ver\u00e4ndern.<\/strong><\/p>\n","protected":false},"excerpt":{"rendered":"<p>Mit seinem Bericht setzt ein isl\u00e4ndischer Bauer aus dem beginnenden 20. Jahrhundert seinem Pferd zum Dank ein Denkmal.<\/p>\n","protected":false},"author":2,"featured_media":8793,"comment_status":"open","ping_status":"closed","sticky":false,"template":"","format":"standard","meta":{"episode_type":"audio","audio_file":"","cover_image":"","cover_image_id":"","duration":"","filesize":"","date_recorded":"","explicit":"","block":"","filesize_raw":""},"categories":[19,21],"tags":[],"series":[],"speaker":[],"acf":[],"episode_featured_image":"https:\/\/www.hestasaga.com\/wp-content\/uploads\/Bildschirmfoto-2023-02-26-um-19.10.47.png","episode_player_image":"https:\/\/www.hestasaga.com\/wp-content\/uploads\/podcast-img-scaled.jpg","download_link":"","player_link":"","audio_player":false,"episode_data":{"playerMode":"dark","subscribeUrls":[],"rssFeedUrl":"https:\/\/www.hestasaga.com\/de\/feed\/podcast\/hestasaga","embedCode":"<blockquote class=\"wp-embedded-content\" data-secret=\"WBYT1EKtNH\"><a href=\"https:\/\/www.hestasaga.com\/de\/2023\/03\/10\/mosi-mein-lebensretter\/\">M\u00f3si, mein Lebensretter<\/a><\/blockquote><iframe sandbox=\"allow-scripts\" security=\"restricted\" src=\"https:\/\/www.hestasaga.com\/de\/2023\/03\/10\/mosi-mein-lebensretter\/embed\/#?secret=WBYT1EKtNH\" width=\"500\" height=\"350\" title=\"&#8222;M\u00f3si, mein Lebensretter&#8220; &#8211; Hestasaga\" data-secret=\"WBYT1EKtNH\" frameborder=\"0\" marginwidth=\"0\" marginheight=\"0\" scrolling=\"no\" class=\"wp-embedded-content\"><\/iframe><script type=\"text\/javascript\">\n\/*! This file is auto-generated *\/\n!function(c,d){\"use strict\";var e=!1,o=!1;if(d.querySelector)if(c.addEventListener)e=!0;if(c.wp=c.wp||{},c.wp.receiveEmbedMessage);else if(c.wp.receiveEmbedMessage=function(e){var t=e.data;if(!t);else if(!(t.secret||t.message||t.value));else if(\/[^a-zA-Z0-9]\/.test(t.secret));else{for(var r,s,a,i=d.querySelectorAll('iframe[data-secret=\"'+t.secret+'\"]'),n=d.querySelectorAll('blockquote[data-secret=\"'+t.secret+'\"]'),o=new RegExp(\"^https?:$\",\"i\"),l=0;l<n.length;l++)n[l].style.display=\"none\";for(l=0;l<i.length;l++)if(r=i[l],e.source!==r.contentWindow);else{if(r.removeAttribute(\"style\"),\"height\"===t.message){if(1e3<(s=parseInt(t.value,10)))s=1e3;else if(~~s<200)s=200;r.height=s}if(\"link\"===t.message)if(s=d.createElement(\"a\"),a=d.createElement(\"a\"),s.href=r.getAttribute(\"src\"),a.href=t.value,!o.test(a.protocol));else if(a.host===s.host)if(d.activeElement===r)c.top.location.href=t.value}}},e)c.addEventListener(\"message\",c.wp.receiveEmbedMessage,!1),d.addEventListener(\"DOMContentLoaded\",t,!1),c.addEventListener(\"load\",t,!1);function t(){if(o);else{o=!0;for(var e,t,r,s=-1!==navigator.appVersion.indexOf(\"MSIE 10\"),a=!!navigator.userAgent.match(\/Trident.*rv:11\\.\/),i=d.querySelectorAll(\"iframe.wp-embedded-content\"),n=0;n<i.length;n++){if(!(r=(t=i[n]).getAttribute(\"data-secret\")))r=Math.random().toString(36).substr(2,10),t.src+=\"#?secret=\"+r,t.setAttribute(\"data-secret\",r);if(s||a)(e=t.cloneNode(!0)).removeAttribute(\"security\"),t.parentNode.replaceChild(e,t);t.contentWindow.postMessage({message:\"ready\",secret:r},\"*\")}}}}(window,document);\n<\/script>\n"},"yoast_head":"<!-- This site is optimized with the Yoast SEO plugin v19.7.1 - https:\/\/yoast.com\/wordpress\/plugins\/seo\/ -->\n<title>M\u00f3si, mein Lebensretter - Hestasaga<\/title>\n<meta name=\"description\" content=\"An seinem Lebensabend erinnert sich ein isl\u00e4ndischer Bauer an einen Wallach, ohne den sein Leben schon als Kind ein grausames Ende gefunden h\u00e4tte.\" \/>\n<meta name=\"robots\" content=\"index, follow, max-snippet:-1, max-image-preview:large, max-video-preview:-1\" \/>\n<link rel=\"canonical\" href=\"https:\/\/www.hestasaga.com\/de\/2023\/03\/10\/mosi-mein-lebensretter\/\" \/>\n<meta property=\"og:locale\" content=\"de_DE\" \/>\n<meta property=\"og:type\" content=\"article\" \/>\n<meta property=\"og:title\" content=\"M\u00f3si, mein Lebensretter - Hestasaga\" \/>\n<meta property=\"og:description\" content=\"An seinem Lebensabend erinnert sich ein isl\u00e4ndischer Bauer an einen Wallach, ohne den sein Leben schon als Kind ein grausames Ende gefunden h\u00e4tte.\" \/>\n<meta property=\"og:url\" content=\"https:\/\/www.hestasaga.com\/de\/2023\/03\/10\/mosi-mein-lebensretter\/\" \/>\n<meta property=\"og:site_name\" content=\"Hestasaga\" \/>\n<meta property=\"article:publisher\" content=\"https:\/\/www.facebook.com\/hestasaga\/\" \/>\n<meta property=\"article:published_time\" content=\"2023-03-09T23:15:00+00:00\" \/>\n<meta property=\"article:modified_time\" content=\"2023-02-26T18:24:05+00:00\" \/>\n<meta property=\"og:image\" content=\"https:\/\/www.hestasaga.com\/wp-content\/uploads\/Bildschirmfoto-2023-02-26-um-19.10.47.png\" \/>\n\t<meta property=\"og:image:width\" content=\"768\" \/>\n\t<meta property=\"og:image:height\" content=\"589\" \/>\n\t<meta property=\"og:image:type\" content=\"image\/png\" \/>\n<meta name=\"author\" content=\"Monika Papenfuss\" \/>\n<meta name=\"twitter:card\" content=\"summary_large_image\" \/>\n<meta name=\"twitter:creator\" content=\"@Hestasaga\" \/>\n<meta name=\"twitter:site\" content=\"@Hestasaga\" \/>\n<meta name=\"twitter:label1\" content=\"Verfasst von\" \/>\n\t<meta name=\"twitter:data1\" content=\"Monika Papenfuss\" \/>\n\t<meta name=\"twitter:label2\" content=\"Gesch\u00e4tzte Lesezeit\" \/>\n\t<meta name=\"twitter:data2\" content=\"11\u00a0Minuten\" \/>\n<script type=\"application\/ld+json\" class=\"yoast-schema-graph\">{\"@context\":\"https:\/\/schema.org\",\"@graph\":[{\"@type\":\"Article\",\"@id\":\"https:\/\/www.hestasaga.com\/de\/2023\/03\/10\/mosi-mein-lebensretter\/#article\",\"isPartOf\":{\"@id\":\"https:\/\/www.hestasaga.com\/de\/2023\/03\/10\/mosi-mein-lebensretter\/\"},\"author\":{\"name\":\"Monika Papenfuss\",\"@id\":\"https:\/\/www.hestasaga.com\/en\/#\/schema\/person\/6a39392b6cfc932dba2fa37469b6842a\"},\"headline\":\"M\u00f3si, mein Lebensretter\",\"datePublished\":\"2023-03-09T23:15:00+00:00\",\"dateModified\":\"2023-02-26T18:24:05+00:00\",\"mainEntityOfPage\":{\"@id\":\"https:\/\/www.hestasaga.com\/de\/2023\/03\/10\/mosi-mein-lebensretter\/\"},\"wordCount\":1863,\"commentCount\":0,\"publisher\":{\"@id\":\"https:\/\/www.hestasaga.com\/en\/#organization\"},\"articleSection\":[\"Helden\",\"Lebensretter\"],\"inLanguage\":\"de\",\"potentialAction\":[{\"@type\":\"CommentAction\",\"name\":\"Comment\",\"target\":[\"https:\/\/www.hestasaga.com\/de\/2023\/03\/10\/mosi-mein-lebensretter\/#respond\"]}]},{\"@type\":\"WebPage\",\"@id\":\"https:\/\/www.hestasaga.com\/de\/2023\/03\/10\/mosi-mein-lebensretter\/\",\"url\":\"https:\/\/www.hestasaga.com\/de\/2023\/03\/10\/mosi-mein-lebensretter\/\",\"name\":\"M\u00f3si, mein Lebensretter - Hestasaga\",\"isPartOf\":{\"@id\":\"https:\/\/www.hestasaga.com\/en\/#website\"},\"datePublished\":\"2023-03-09T23:15:00+00:00\",\"dateModified\":\"2023-02-26T18:24:05+00:00\",\"description\":\"An seinem Lebensabend erinnert sich ein isl\u00e4ndischer Bauer an einen Wallach, ohne den sein Leben schon als Kind ein grausames Ende gefunden h\u00e4tte.\",\"breadcrumb\":{\"@id\":\"https:\/\/www.hestasaga.com\/de\/2023\/03\/10\/mosi-mein-lebensretter\/#breadcrumb\"},\"inLanguage\":\"de\",\"potentialAction\":[{\"@type\":\"ReadAction\",\"target\":[\"https:\/\/www.hestasaga.com\/de\/2023\/03\/10\/mosi-mein-lebensretter\/\"]}]},{\"@type\":\"BreadcrumbList\",\"@id\":\"https:\/\/www.hestasaga.com\/de\/2023\/03\/10\/mosi-mein-lebensretter\/#breadcrumb\",\"itemListElement\":[{\"@type\":\"ListItem\",\"position\":1,\"name\":\"Startseite\",\"item\":\"https:\/\/www.hestasaga.com\/de\/\"},{\"@type\":\"ListItem\",\"position\":2,\"name\":\"M\u00f3si, mein Lebensretter\"}]},{\"@type\":\"WebSite\",\"@id\":\"https:\/\/www.hestasaga.com\/en\/#website\",\"url\":\"https:\/\/www.hestasaga.com\/en\/\",\"name\":\"Hestasaga\",\"description\":\"\",\"publisher\":{\"@id\":\"https:\/\/www.hestasaga.com\/en\/#organization\"},\"potentialAction\":[{\"@type\":\"SearchAction\",\"target\":{\"@type\":\"EntryPoint\",\"urlTemplate\":\"https:\/\/www.hestasaga.com\/en\/?s={search_term_string}\"},\"query-input\":\"required name=search_term_string\"}],\"inLanguage\":\"de\"},{\"@type\":\"Organization\",\"@id\":\"https:\/\/www.hestasaga.com\/en\/#organization\",\"name\":\"HestaSaga\",\"url\":\"https:\/\/www.hestasaga.com\/en\/\",\"sameAs\":[\"https:\/\/www.instagram.com\/hestasaga\/\",\"https:\/\/www.facebook.com\/hestasaga\/\",\"https:\/\/twitter.com\/Hestasaga\"],\"logo\":{\"@type\":\"ImageObject\",\"inLanguage\":\"de\",\"@id\":\"https:\/\/www.hestasaga.com\/en\/#\/schema\/logo\/image\/\",\"url\":\"https:\/\/www.hestasaga.com\/wp-content\/uploads\/hestasaga_logo.png\",\"contentUrl\":\"https:\/\/www.hestasaga.com\/wp-content\/uploads\/hestasaga_logo.png\",\"width\":600,\"height\":214,\"caption\":\"HestaSaga\"},\"image\":{\"@id\":\"https:\/\/www.hestasaga.com\/en\/#\/schema\/logo\/image\/\"}},{\"@type\":\"Person\",\"@id\":\"https:\/\/www.hestasaga.com\/en\/#\/schema\/person\/6a39392b6cfc932dba2fa37469b6842a\",\"name\":\"Monika Papenfuss\",\"image\":{\"@type\":\"ImageObject\",\"inLanguage\":\"de\",\"@id\":\"https:\/\/www.hestasaga.com\/en\/#\/schema\/person\/image\/\",\"url\":\"https:\/\/secure.gravatar.com\/avatar\/b9cc76bc615e2efc42c9bbcb4d13c1b8?s=96&d=mm&r=g\",\"contentUrl\":\"https:\/\/secure.gravatar.com\/avatar\/b9cc76bc615e2efc42c9bbcb4d13c1b8?s=96&d=mm&r=g\",\"caption\":\"Monika Papenfuss\"},\"url\":\"https:\/\/www.hestasaga.com\/de\/author\/monika-papenfuss\/\"}]}<\/script>\n<!-- \/ Yoast SEO plugin. -->","yoast_head_json":{"title":"M\u00f3si, mein Lebensretter - Hestasaga","description":"An seinem Lebensabend erinnert sich ein isl\u00e4ndischer Bauer an einen Wallach, ohne den sein Leben schon als Kind ein grausames Ende gefunden h\u00e4tte.","robots":{"index":"index","follow":"follow","max-snippet":"max-snippet:-1","max-image-preview":"max-image-preview:large","max-video-preview":"max-video-preview:-1"},"canonical":"https:\/\/www.hestasaga.com\/de\/2023\/03\/10\/mosi-mein-lebensretter\/","og_locale":"de_DE","og_type":"article","og_title":"M\u00f3si, mein Lebensretter - Hestasaga","og_description":"An seinem Lebensabend erinnert sich ein isl\u00e4ndischer Bauer an einen Wallach, ohne den sein Leben schon als Kind ein grausames Ende gefunden h\u00e4tte.","og_url":"https:\/\/www.hestasaga.com\/de\/2023\/03\/10\/mosi-mein-lebensretter\/","og_site_name":"Hestasaga","article_publisher":"https:\/\/www.facebook.com\/hestasaga\/","article_published_time":"2023-03-09T23:15:00+00:00","article_modified_time":"2023-02-26T18:24:05+00:00","og_image":[{"width":768,"height":589,"url":"https:\/\/www.hestasaga.com\/wp-content\/uploads\/Bildschirmfoto-2023-02-26-um-19.10.47.png","type":"image\/png"}],"author":"Monika Papenfuss","twitter_card":"summary_large_image","twitter_creator":"@Hestasaga","twitter_site":"@Hestasaga","twitter_misc":{"Verfasst von":"Monika Papenfuss","Gesch\u00e4tzte Lesezeit":"11\u00a0Minuten"},"schema":{"@context":"https:\/\/schema.org","@graph":[{"@type":"Article","@id":"https:\/\/www.hestasaga.com\/de\/2023\/03\/10\/mosi-mein-lebensretter\/#article","isPartOf":{"@id":"https:\/\/www.hestasaga.com\/de\/2023\/03\/10\/mosi-mein-lebensretter\/"},"author":{"name":"Monika Papenfuss","@id":"https:\/\/www.hestasaga.com\/en\/#\/schema\/person\/6a39392b6cfc932dba2fa37469b6842a"},"headline":"M\u00f3si, mein Lebensretter","datePublished":"2023-03-09T23:15:00+00:00","dateModified":"2023-02-26T18:24:05+00:00","mainEntityOfPage":{"@id":"https:\/\/www.hestasaga.com\/de\/2023\/03\/10\/mosi-mein-lebensretter\/"},"wordCount":1863,"commentCount":0,"publisher":{"@id":"https:\/\/www.hestasaga.com\/en\/#organization"},"articleSection":["Helden","Lebensretter"],"inLanguage":"de","potentialAction":[{"@type":"CommentAction","name":"Comment","target":["https:\/\/www.hestasaga.com\/de\/2023\/03\/10\/mosi-mein-lebensretter\/#respond"]}]},{"@type":"WebPage","@id":"https:\/\/www.hestasaga.com\/de\/2023\/03\/10\/mosi-mein-lebensretter\/","url":"https:\/\/www.hestasaga.com\/de\/2023\/03\/10\/mosi-mein-lebensretter\/","name":"M\u00f3si, mein Lebensretter - Hestasaga","isPartOf":{"@id":"https:\/\/www.hestasaga.com\/en\/#website"},"datePublished":"2023-03-09T23:15:00+00:00","dateModified":"2023-02-26T18:24:05+00:00","description":"An seinem Lebensabend erinnert sich ein isl\u00e4ndischer Bauer an einen Wallach, ohne den sein Leben schon als Kind ein grausames Ende gefunden h\u00e4tte.","breadcrumb":{"@id":"https:\/\/www.hestasaga.com\/de\/2023\/03\/10\/mosi-mein-lebensretter\/#breadcrumb"},"inLanguage":"de","potentialAction":[{"@type":"ReadAction","target":["https:\/\/www.hestasaga.com\/de\/2023\/03\/10\/mosi-mein-lebensretter\/"]}]},{"@type":"BreadcrumbList","@id":"https:\/\/www.hestasaga.com\/de\/2023\/03\/10\/mosi-mein-lebensretter\/#breadcrumb","itemListElement":[{"@type":"ListItem","position":1,"name":"Startseite","item":"https:\/\/www.hestasaga.com\/de\/"},{"@type":"ListItem","position":2,"name":"M\u00f3si, mein Lebensretter"}]},{"@type":"WebSite","@id":"https:\/\/www.hestasaga.com\/en\/#website","url":"https:\/\/www.hestasaga.com\/en\/","name":"Hestasaga","description":"","publisher":{"@id":"https:\/\/www.hestasaga.com\/en\/#organization"},"potentialAction":[{"@type":"SearchAction","target":{"@type":"EntryPoint","urlTemplate":"https:\/\/www.hestasaga.com\/en\/?s={search_term_string}"},"query-input":"required name=search_term_string"}],"inLanguage":"de"},{"@type":"Organization","@id":"https:\/\/www.hestasaga.com\/en\/#organization","name":"HestaSaga","url":"https:\/\/www.hestasaga.com\/en\/","sameAs":["https:\/\/www.instagram.com\/hestasaga\/","https:\/\/www.facebook.com\/hestasaga\/","https:\/\/twitter.com\/Hestasaga"],"logo":{"@type":"ImageObject","inLanguage":"de","@id":"https:\/\/www.hestasaga.com\/en\/#\/schema\/logo\/image\/","url":"https:\/\/www.hestasaga.com\/wp-content\/uploads\/hestasaga_logo.png","contentUrl":"https:\/\/www.hestasaga.com\/wp-content\/uploads\/hestasaga_logo.png","width":600,"height":214,"caption":"HestaSaga"},"image":{"@id":"https:\/\/www.hestasaga.com\/en\/#\/schema\/logo\/image\/"}},{"@type":"Person","@id":"https:\/\/www.hestasaga.com\/en\/#\/schema\/person\/6a39392b6cfc932dba2fa37469b6842a","name":"Monika Papenfuss","image":{"@type":"ImageObject","inLanguage":"de","@id":"https:\/\/www.hestasaga.com\/en\/#\/schema\/person\/image\/","url":"https:\/\/secure.gravatar.com\/avatar\/b9cc76bc615e2efc42c9bbcb4d13c1b8?s=96&d=mm&r=g","contentUrl":"https:\/\/secure.gravatar.com\/avatar\/b9cc76bc615e2efc42c9bbcb4d13c1b8?s=96&d=mm&r=g","caption":"Monika Papenfuss"},"url":"https:\/\/www.hestasaga.com\/de\/author\/monika-papenfuss\/"}]}},"_links":{"self":[{"href":"https:\/\/www.hestasaga.com\/de\/wp-json\/wp\/v2\/posts\/132"}],"collection":[{"href":"https:\/\/www.hestasaga.com\/de\/wp-json\/wp\/v2\/posts"}],"about":[{"href":"https:\/\/www.hestasaga.com\/de\/wp-json\/wp\/v2\/types\/post"}],"author":[{"embeddable":true,"href":"https:\/\/www.hestasaga.com\/de\/wp-json\/wp\/v2\/users\/2"}],"replies":[{"embeddable":true,"href":"https:\/\/www.hestasaga.com\/de\/wp-json\/wp\/v2\/comments?post=132"}],"version-history":[{"count":14,"href":"https:\/\/www.hestasaga.com\/de\/wp-json\/wp\/v2\/posts\/132\/revisions"}],"predecessor-version":[{"id":8796,"href":"https:\/\/www.hestasaga.com\/de\/wp-json\/wp\/v2\/posts\/132\/revisions\/8796"}],"wp:featuredmedia":[{"embeddable":true,"href":"https:\/\/www.hestasaga.com\/de\/wp-json\/wp\/v2\/media\/8793"}],"wp:attachment":[{"href":"https:\/\/www.hestasaga.com\/de\/wp-json\/wp\/v2\/media?parent=132"}],"wp:term":[{"taxonomy":"category","embeddable":true,"href":"https:\/\/www.hestasaga.com\/de\/wp-json\/wp\/v2\/categories?post=132"},{"taxonomy":"post_tag","embeddable":true,"href":"https:\/\/www.hestasaga.com\/de\/wp-json\/wp\/v2\/tags?post=132"},{"taxonomy":"series","embeddable":true,"href":"https:\/\/www.hestasaga.com\/de\/wp-json\/wp\/v2\/series?post=132"},{"taxonomy":"speaker","embeddable":true,"href":"https:\/\/www.hestasaga.com\/de\/wp-json\/wp\/v2\/speaker?post=132"}],"curies":[{"name":"wp","href":"https:\/\/api.w.org\/{rel}","templated":true}]}}