{"id":130,"date":"2020-07-10T00:19:51","date_gmt":"2020-07-09T22:19:51","guid":{"rendered":"http:\/\/neu.hestasaga.com\/?p=130"},"modified":"2020-07-09T17:39:08","modified_gmt":"2020-07-09T15:39:08","slug":"mein-ganz-besonderes-pferd","status":"publish","type":"post","link":"https:\/\/www.hestasaga.com\/de\/2020\/07\/10\/mein-ganz-besonderes-pferd\/","title":{"rendered":"Mein ganz besonderes Pferd"},"content":{"rendered":"\n<p class=\"has-background has-cyan-bluish-gray-background-color\">Ein Pferd mit Handicap zu f\u00f6rdern \nist eine ganz besondere Herausforderung. Gwendolin hat sich dieser \nschwierigen Aufgabe gestellt.<\/p>\n\n\n\n<figure class=\"wp-block-image size-large\"><img fetchpriority=\"high\" width=\"1000\" height=\"752\" src=\"https:\/\/www.hestasaga.com\/wp-content\/uploads\/HS-103.jpg\" alt=\"\" class=\"wp-image-416\" srcset=\"https:\/\/www.hestasaga.com\/wp-content\/uploads\/HS-103.jpg 1000w, https:\/\/www.hestasaga.com\/wp-content\/uploads\/HS-103-300x226.jpg 300w, https:\/\/www.hestasaga.com\/wp-content\/uploads\/HS-103-768x578.jpg 768w\" sizes=\"(max-width: 1000px) 100vw, 1000px\" \/><figcaption><br><\/figcaption><\/figure>\n\n\n\n<p class=\"has-drop-cap\">Manchmal scheinen sie  doch ein bisschen wahr zu werden, diese unrealistischen Geschichten aus  den Pferdeb\u00fcchern, die ich schon als Kind nicht gelesen habe: M\u00e4dchen findet wilden, beeindruckenden Hengst, der sich jedoch von  niemandem reiten l\u00e4sst. Entgegen aller Erwartungen fasst der Hengst  Vertrauen zu dem M\u00e4dchen, sie kommt als einzige mit ihm klar und am Ende  siegen sie auf einem Turnier. Ja, ja, tr\u00e4um weiter.<\/p>\n\n\n\n<p>Er war zwei, als er zu uns auf den Hof kam, ein Patient. Er hatte  einen Strecksehnenabriss, kam direkt aus der Klinik. Da war er schon  \u00fcber den Berg, aber noch lange nicht gesund. Die Strecksehne war  abgerissen, irreparabel zerst\u00f6rt. <\/p>\n\n\n\n<p>Das Hinterbein knickte ohne  St\u00fctzverband bei jedem Schritt auf den Fesselkopf. Au\u00dferdem hatte er  endg\u00fcltig sein Vertrauen in die Menschen verloren. Er lie\u00df sich nicht  einfangen, selbst in der Box war er kaum aufzuhalftern. <\/p>\n\n\n\n<p>Jeder  Verbandswechsel war eine Qual. Er wollte sein Bein nicht anheben lassen.  Sobald jemand das Bein fixierte, erinnerte er sich wahrscheinlich  wieder daran, wie er stundenlang mit diesem Bein im Zaun festgehakt am  Boden gelegen hatte und vor Schmerzen bei jedem Stromsto\u00df schreien  musste. <\/p>\n\n\n\n<p>In der Klinik hatten sie ihn jedes Mal sediert, um an seine  Wunde heranzukommen. Wir dachten, das m\u00fcsste doch auch so gehen \u2013 mit  etwas Geduld. Zu Beginn wurde der Verband noch t\u00e4glich gewechselt, dann  wurden die Abst\u00e4nde gr\u00f6\u00dfer. <\/p>\n\n\n\n<p>Jeder Verbandswechsel war ein riesiger  Aufwand, ohne die Sedierung war es zudem gef\u00e4hrlich sich in der N\u00e4he  seines verletzten Hinterbeines aufzuhalten, geschweige denn die offene  Wunde zu ber\u00fchren. <\/p>\n\n\n\n<p>Er hielt noch immer \u00fcberhaupt nichts von Menschen. Er  wollte absolut nichts mehr mit uns zu tun haben.<\/p>\n\n\n\n<p>Dann kam der Tag, an dem er das erste Mal seine Box verlassen  durfte. Die Wunde war oberfl\u00e4chlich verheilt, geblieben war eine riesige  Narbe und ein dickes Bein ohne Strecksehne. <\/p>\n\n\n\n<p>Ihn zu f\u00fchren war ein  kleines Abenteuer. Er hatte die l\u00e4ngste Zeit seines Lebens in Boxen  verbracht. Ihm hatte all das gefehlt, was unsere Junghengste gemeinsam  beim Toben auf der Weide erleben, das ganze Jahr \u00fcber. <\/p>\n\n\n\n<p>Dieser erste Tag,  an dem wir ihn wieder in einen Paddock stellen konnten, war f\u00fcr alle  etwas Besonderes. Er fand alles komisch, Schatten, Pf\u00fctzen, B\u00e4ume. Und  kaum dass er im Paddock stand, sprang er ununterbrochen in die Luft,  seine Hufe ber\u00fchrten kaum mehr den Boden. <\/p>\n\n\n\n<p>Bewegung, nach all der Zeit,  endlich Bewegung! Flummipferd. Ich habe selten ein Pferd so erleichtert  erlebt. So ist er auch heute noch, nach so vielen Jahren, es macht ihm  unheimlich Spa\u00df sich zu bewegen. Er lebt durch Bewegung. <\/p>\n\n\n\n<p>Herumzuh\u00fcpfen,  zu toben, zu springen, zu buckeln, das alles scheint f\u00fcr ihn so  elementar zu sein wie zu atmen. Vielleicht wei\u00df auch er, dass niemand  wusste, ob er das jemals wieder w\u00fcrde tun k\u00f6nnen.<\/p>\n\n\n\n<div class=\"wp-block-image\"><figure class=\"alignleft size-large is-resized\"><img src=\"https:\/\/www.hestasaga.com\/wp-content\/uploads\/HS-Fannar-4-769x1024.jpg\" alt=\"\" class=\"wp-image-504\" width=\"435\" height=\"579\" srcset=\"https:\/\/www.hestasaga.com\/wp-content\/uploads\/HS-Fannar-4-769x1024.jpg 769w, https:\/\/www.hestasaga.com\/wp-content\/uploads\/HS-Fannar-4-225x300.jpg 225w, https:\/\/www.hestasaga.com\/wp-content\/uploads\/HS-Fannar-4-768x1022.jpg 768w, https:\/\/www.hestasaga.com\/wp-content\/uploads\/HS-Fannar-4.jpg 800w\" sizes=\"(max-width: 435px) 100vw, 435px\" \/><\/figure><\/div>\n\n\n\n<p>Mit einem speziell f\u00fcr ihn angefertigten Beschlag kam er recht  gut mit seiner Behinderung klar. Er konnte dann auf einer  Jungpferdematerialpr\u00fcfung vorgestellt werden und wurde gek\u00f6rt \u2013 ein  riesiger Schritt f\u00fcr ihn. <\/p>\n\n\n\n<p>Die Zeit des Hoffens begann. W\u00fcrde er jemals  Reitpferd werden? Nachdem er schlie\u00dflich die erste Stute decken durfte,  konnte man ihn zumindest in der Box relativ problemlos aufhalftern. <\/p>\n\n\n\n<p>Es  k\u00f6nnte ja sein, dass wir ihn wieder zu einer Stute bringen w\u00fcrden.  Mittlerweile hatten wir genug ge\u00fcbt, dass er uns erlaubte sein krankes  Bein zu ber\u00fchren. Dann wurde er angeritten, vorsichtig, es schien sich  nichts zu verschlechtern. <\/p>\n\n\n\n<p>Menschen akzeptierte er mit der Zeit, wobei er  noch nicht sonderlich davon \u00fcberzeugt war, dass sie ihm zur Abwechslung  auch mal etwas Gutes tun k\u00f6nnten. Er hatte viel lieber seine Ruhe. Aber  wir befanden uns auf dem richtigen Weg.<\/p>\n\n\n\n<p>Dann bekam er von einer Deckstute einen Tritt gegen sein  kaputtes Bein. Er lahmte sofort und das Bein wurde doppelt so dick und  hei\u00df. Das bedeutete letzten Endes ein halbes Jahr Pause f\u00fcr ihn. <\/p>\n\n\n\n<p>Wir  wussten nicht, ob sich diese Schwellung jemals w\u00fcrde zur\u00fcckbilden  k\u00f6nnen. Als er endlich nicht mehr lahmte, trainierten wir ihn ganz  vorsichtig wieder an. Als er dann fertig eingeritten war, wollten wir  ihn professionell vorstellen lassen. <\/p>\n\n\n\n<p>Allerdings konnte er auf die  Schnelle kein Vertrauen in den neuen Reiter aufbauen. Also durfte ich  ihn mal \u00fcber den Winter reiten. Und irgendwie funktionierte es. Aus  irgendeinem Grund legte er sein Misstrauen ab, irgendwie machte es  klick. <\/p>\n\n\n\n<p>Seitdem ich ihn reite, muss ich ihn nur rufen. Oft kommt er  angaloppiert. Im Unterricht haben wir euphorische H\u00f6henfl\u00fcge. Pure  Konzentration, Aufmerksamkeit. Ich f\u00fchle seine Schritte unter mir, f\u00fchle  dass er jeden Huf genau dort absetzt, wo ich ihn haben m\u00f6chte. <\/p>\n\n\n\n<p>Er freut  sich einfach so zu laufen, er hat so eine positive fr\u00f6hliche Energie,  es bleibt mir schlicht und ergreifend nichts anderes \u00fcbrig, als  begeistert zu sein. Und wenn man dann ein Lob bekommt, dann f\u00fchlt es  sich besser an als schweben. <\/p>\n\n\n\n<p>Es f\u00fchlt sich an wie in einem riesigen Chor  zu singen. Ich steige ab und kann f\u00fcr ein paar Tage fast nur dar\u00fcber  reden, schreiben. Das Gef\u00fchl, dass er da drau\u00dfen steht und auf mich  wartet, bringt mich innerlich zum Strahlen. Ich glaube man kann es uns  auch ansehen. <\/p>\n\n\n\n<p>Ich hoffe so sehr, dass alles weiter gut laufen wird. Er  steht immer schon am Tor, wenn ich ihn von der Weide holen will. Als  w\u00fcsste er, wann ich komme. Oder er h\u00f6rt mich einfach schon so viel  fr\u00fcher. Es ist auf jeden Fall toll. So ein Gef\u00fchl ist sehr kostbar.<\/p>\n\n\n\n<p>Was macht man also mit einem Hengst mit Handycap, der wider Erwarten  erstaunlich gut ohne Strecksehne zurechtkommt, aber neue Reiter nicht  akzeptiert? Unser erstes Turnier verlief noch nicht so nach Plan. <\/p>\n\n\n\n<p>Er  zeigte zwar, dass er sich sehr wohl zu bewegen wusste, aber Lautsprecher  und Plakate waren dann doch etwas zu viel. In der Mitte der Ovalbahn  ist es viel sicherer. Man kann wohl nicht alles bekommen, dachte ich  mir. Vielleicht war er doch nur ein Ausreitpferd?<\/p>\n\n\n\n<p>Im zweiten Anlauf war ich kl\u00fcger. Wir wussten, was wir voneinander  wollten. Wir kamen Freitagnacht auf dem Turnierplatz an, man konnte kaum  etwas sehen und er war noch sehr aufgeregt. <\/p>\n\n\n\n<p>Trotzdem versuchte ich ihm  eine Runde die Ovalbahn zu zeigen. Es war fast unm\u00f6glich, es war dunkel,  er war aufgeregt und hatte alles andere im Sinn als ruhig um die Bahn  zu laufen. <\/p>\n\n\n\n<p>Am n\u00e4chsten Morgen lie\u00df ich ihn vor der Pr\u00fcfung freilaufen  und als wir das erste Mal bei Tageslicht die Ovalbahn betraten, konnte  ich f\u00fchlen, dass alles perfekt werden konnte. <\/p>\n\n\n\n<p>Ich glaube, ich tat nicht  viel mehr als ihm zu sagen welche Gangart und welches Tempo angesagt war  und versuchte ansonsten mich tragen zu lassen ohne ihn zu st\u00f6ren. <\/p>\n\n\n\n<p>Dann  war unsere erste richtige Viergangpr\u00fcfung vorbei und wir lagen in  F\u00fchrung. Sp\u00e4testens in dem Moment wusste ich, dass wir es tats\u00e4chlich  schaffen konnten. Am Abend gewann er dann im Finale.<\/p>\n\n\n\n<div class=\"wp-block-image\"><figure class=\"aligncenter\"><img src=\"https:\/\/www.hestasaga.com\/wp-content\/uploads\/2018\/06\/HS-Fannar-2.jpg\" alt=\"\" class=\"wp-image-3223\"\/><\/figure><\/div>\n\n\n\n<p>Ich bin so stolz auf ihn, wenn er toll l\u00e4uft und niemand merkt, dass \ndas alles andere als selbstverst\u00e4ndlich f\u00fcr ihn ist. Ich bin so stolz \nauf ihn, wenn wir immer besser werden und noch so viel Luft nach oben \nist. Aber am gl\u00fccklichsten macht er mich, wenn er seinen Kopf in meine \nArme legt.<\/p>\n\n\n\n<p>Nat\u00fcrlich passe ich auf sein Bein auf. Aber mittlerweile kann ich  fast alles mit ihm machen. Langweilig wird es nie mit ihm, er kann mich  noch immer sehr herausfordern. Hoffentlich werden wir noch viel zusammen  lernen k\u00f6nnen. <\/p>\n\n\n\n<p>Manchmal stehe ich vor ihm, schaue ihn an und kann es  kaum fassen. Ich h\u00e4tte weder gedacht, dass er jemals so ein geniales  Reitpferd werden w\u00fcrde, noch dass er ausgerechnet mich als Reiter  m\u00f6chte.<\/p>\n\n\n\n<p>Wenn ich Freitagabend im Dunkeln auf die Weide komme und sich zwei  dunkle Schatten aus dem Schwarz l\u00f6sen, die auf mich zugelaufen kommen,  dann ist mir egal, dass es schon viel zu sp\u00e4t ist, dass ich nichts sehe,  m\u00fcde bin, dass ich einen F\u00fcnfzehnstundentag haben werde. <\/p>\n\n\n\n<p>Es f\u00fchlt sich  einfach so richtig an und mit jedem Schritt, den er auf mich zugelaufen  kommt, aus der Dunkelheit vom anderen Ende der Weide, verliere ich mein  Herz ein St\u00fcck mehr an ihn.<\/p>\n\n\n\n<p>Danke Gro\u00dfer.  <\/p>\n\n\n\n<p><strong><em>Gwendolin Simper    <\/em><\/strong>                                                                                                  &#8211;                                                                                                <\/p>\n","protected":false},"excerpt":{"rendered":"<p>Hoher Einsatz &#8211; hoher Gewinn   <\/p>\n","protected":false},"author":2,"featured_media":416,"comment_status":"open","ping_status":"closed","sticky":false,"template":"","format":"standard","meta":{"episode_type":"audio","audio_file":"","cover_image":"","cover_image_id":"","duration":"","filesize":"","date_recorded":"","explicit":"","block":"","filesize_raw":""},"categories":[20,33,37],"tags":[],"series":[],"speaker":[],"acf":[],"episode_featured_image":"https:\/\/www.hestasaga.com\/wp-content\/uploads\/HS-103.jpg","episode_player_image":"https:\/\/www.hestasaga.com\/wp-content\/uploads\/podcast-img-scaled.jpg","download_link":"","player_link":"","audio_player":false,"episode_data":{"playerMode":"dark","subscribeUrls":[],"rssFeedUrl":"https:\/\/www.hestasaga.com\/de\/feed\/podcast\/hestasaga","embedCode":"<blockquote class=\"wp-embedded-content\" data-secret=\"K056MEcUHk\"><a href=\"https:\/\/www.hestasaga.com\/de\/2020\/07\/10\/mein-ganz-besonderes-pferd\/\">Mein ganz besonderes Pferd<\/a><\/blockquote><iframe sandbox=\"allow-scripts\" security=\"restricted\" src=\"https:\/\/www.hestasaga.com\/de\/2020\/07\/10\/mein-ganz-besonderes-pferd\/embed\/#?secret=K056MEcUHk\" width=\"500\" height=\"350\" title=\"&#8222;Mein ganz besonderes Pferd&#8220; &#8211; Hestasaga\" data-secret=\"K056MEcUHk\" frameborder=\"0\" marginwidth=\"0\" marginheight=\"0\" scrolling=\"no\" class=\"wp-embedded-content\"><\/iframe><script type=\"text\/javascript\">\n\/*! This file is auto-generated *\/\n!function(c,d){\"use strict\";var e=!1,o=!1;if(d.querySelector)if(c.addEventListener)e=!0;if(c.wp=c.wp||{},c.wp.receiveEmbedMessage);else if(c.wp.receiveEmbedMessage=function(e){var t=e.data;if(!t);else if(!(t.secret||t.message||t.value));else if(\/[^a-zA-Z0-9]\/.test(t.secret));else{for(var r,s,a,i=d.querySelectorAll('iframe[data-secret=\"'+t.secret+'\"]'),n=d.querySelectorAll('blockquote[data-secret=\"'+t.secret+'\"]'),o=new RegExp(\"^https?:$\",\"i\"),l=0;l<n.length;l++)n[l].style.display=\"none\";for(l=0;l<i.length;l++)if(r=i[l],e.source!==r.contentWindow);else{if(r.removeAttribute(\"style\"),\"height\"===t.message){if(1e3<(s=parseInt(t.value,10)))s=1e3;else if(~~s<200)s=200;r.height=s}if(\"link\"===t.message)if(s=d.createElement(\"a\"),a=d.createElement(\"a\"),s.href=r.getAttribute(\"src\"),a.href=t.value,!o.test(a.protocol));else if(a.host===s.host)if(d.activeElement===r)c.top.location.href=t.value}}},e)c.addEventListener(\"message\",c.wp.receiveEmbedMessage,!1),d.addEventListener(\"DOMContentLoaded\",t,!1),c.addEventListener(\"load\",t,!1);function t(){if(o);else{o=!0;for(var e,t,r,s=-1!==navigator.appVersion.indexOf(\"MSIE 10\"),a=!!navigator.userAgent.match(\/Trident.*rv:11\\.\/),i=d.querySelectorAll(\"iframe.wp-embedded-content\"),n=0;n<i.length;n++){if(!(r=(t=i[n]).getAttribute(\"data-secret\")))r=Math.random().toString(36).substr(2,10),t.src+=\"#?secret=\"+r,t.setAttribute(\"data-secret\",r);if(s||a)(e=t.cloneNode(!0)).removeAttribute(\"security\"),t.parentNode.replaceChild(e,t);t.contentWindow.postMessage({message:\"ready\",secret:r},\"*\")}}}}(window,document);\n<\/script>\n"},"yoast_head":"<!-- This site is optimized with the Yoast SEO plugin v19.7.1 - https:\/\/yoast.com\/wordpress\/plugins\/seo\/ -->\n<title>Mein ganz besonderes Pferd - Hestasaga<\/title>\n<meta name=\"description\" content=\"Gewendolin erz\u00e4hlt auf hestasaga von ihrer begl\u00fcckenden Arbeit mit einem Pferd mit Handicap\" \/>\n<meta name=\"robots\" content=\"index, follow, max-snippet:-1, max-image-preview:large, max-video-preview:-1\" \/>\n<link rel=\"canonical\" href=\"https:\/\/www.hestasaga.com\/de\/2020\/07\/10\/mein-ganz-besonderes-pferd\/\" \/>\n<meta property=\"og:locale\" content=\"de_DE\" \/>\n<meta property=\"og:type\" content=\"article\" \/>\n<meta property=\"og:title\" content=\"Mein ganz besonderes Pferd - Hestasaga\" \/>\n<meta property=\"og:description\" content=\"Gewendolin erz\u00e4hlt auf hestasaga von ihrer begl\u00fcckenden Arbeit mit einem Pferd mit Handicap\" \/>\n<meta property=\"og:url\" content=\"https:\/\/www.hestasaga.com\/de\/2020\/07\/10\/mein-ganz-besonderes-pferd\/\" \/>\n<meta property=\"og:site_name\" content=\"Hestasaga\" \/>\n<meta property=\"article:publisher\" content=\"https:\/\/www.facebook.com\/hestasaga\/\" \/>\n<meta property=\"article:published_time\" content=\"2020-07-09T22:19:51+00:00\" \/>\n<meta property=\"article:modified_time\" content=\"2020-07-09T15:39:08+00:00\" \/>\n<meta property=\"og:image\" content=\"https:\/\/www.hestasaga.com\/wp-content\/uploads\/HS-103.jpg\" \/>\n\t<meta property=\"og:image:width\" content=\"1000\" \/>\n\t<meta property=\"og:image:height\" content=\"752\" \/>\n\t<meta property=\"og:image:type\" content=\"image\/jpeg\" \/>\n<meta name=\"author\" content=\"Monika Papenfuss\" \/>\n<meta name=\"twitter:card\" content=\"summary_large_image\" \/>\n<meta name=\"twitter:creator\" content=\"@Hestasaga\" \/>\n<meta name=\"twitter:site\" content=\"@Hestasaga\" \/>\n<meta name=\"twitter:label1\" content=\"Verfasst von\" \/>\n\t<meta name=\"twitter:data1\" content=\"Monika Papenfuss\" \/>\n\t<meta name=\"twitter:label2\" content=\"Gesch\u00e4tzte Lesezeit\" \/>\n\t<meta name=\"twitter:data2\" content=\"7\u00a0Minuten\" \/>\n<script type=\"application\/ld+json\" class=\"yoast-schema-graph\">{\"@context\":\"https:\/\/schema.org\",\"@graph\":[{\"@type\":\"Article\",\"@id\":\"https:\/\/www.hestasaga.com\/de\/2020\/07\/10\/mein-ganz-besonderes-pferd\/#article\",\"isPartOf\":{\"@id\":\"https:\/\/www.hestasaga.com\/de\/2020\/07\/10\/mein-ganz-besonderes-pferd\/\"},\"author\":{\"name\":\"Monika Papenfuss\",\"@id\":\"https:\/\/www.hestasaga.com\/en\/#\/schema\/person\/6a39392b6cfc932dba2fa37469b6842a\"},\"headline\":\"Mein ganz besonderes Pferd\",\"datePublished\":\"2020-07-09T22:19:51+00:00\",\"dateModified\":\"2020-07-09T15:39:08+00:00\",\"mainEntityOfPage\":{\"@id\":\"https:\/\/www.hestasaga.com\/de\/2020\/07\/10\/mein-ganz-besonderes-pferd\/\"},\"wordCount\":1422,\"commentCount\":0,\"publisher\":{\"@id\":\"https:\/\/www.hestasaga.com\/en\/#organization\"},\"articleSection\":[\"Besondere Pferde\",\"Freundschaft\",\"Problempferd\"],\"inLanguage\":\"de\",\"potentialAction\":[{\"@type\":\"CommentAction\",\"name\":\"Comment\",\"target\":[\"https:\/\/www.hestasaga.com\/de\/2020\/07\/10\/mein-ganz-besonderes-pferd\/#respond\"]}]},{\"@type\":\"WebPage\",\"@id\":\"https:\/\/www.hestasaga.com\/de\/2020\/07\/10\/mein-ganz-besonderes-pferd\/\",\"url\":\"https:\/\/www.hestasaga.com\/de\/2020\/07\/10\/mein-ganz-besonderes-pferd\/\",\"name\":\"Mein ganz besonderes Pferd - Hestasaga\",\"isPartOf\":{\"@id\":\"https:\/\/www.hestasaga.com\/en\/#website\"},\"datePublished\":\"2020-07-09T22:19:51+00:00\",\"dateModified\":\"2020-07-09T15:39:08+00:00\",\"description\":\"Gewendolin erz\u00e4hlt auf hestasaga von ihrer begl\u00fcckenden Arbeit mit einem Pferd mit Handicap\",\"breadcrumb\":{\"@id\":\"https:\/\/www.hestasaga.com\/de\/2020\/07\/10\/mein-ganz-besonderes-pferd\/#breadcrumb\"},\"inLanguage\":\"de\",\"potentialAction\":[{\"@type\":\"ReadAction\",\"target\":[\"https:\/\/www.hestasaga.com\/de\/2020\/07\/10\/mein-ganz-besonderes-pferd\/\"]}]},{\"@type\":\"BreadcrumbList\",\"@id\":\"https:\/\/www.hestasaga.com\/de\/2020\/07\/10\/mein-ganz-besonderes-pferd\/#breadcrumb\",\"itemListElement\":[{\"@type\":\"ListItem\",\"position\":1,\"name\":\"Startseite\",\"item\":\"https:\/\/www.hestasaga.com\/de\/\"},{\"@type\":\"ListItem\",\"position\":2,\"name\":\"Mein ganz besonderes Pferd\"}]},{\"@type\":\"WebSite\",\"@id\":\"https:\/\/www.hestasaga.com\/en\/#website\",\"url\":\"https:\/\/www.hestasaga.com\/en\/\",\"name\":\"Hestasaga\",\"description\":\"\",\"publisher\":{\"@id\":\"https:\/\/www.hestasaga.com\/en\/#organization\"},\"potentialAction\":[{\"@type\":\"SearchAction\",\"target\":{\"@type\":\"EntryPoint\",\"urlTemplate\":\"https:\/\/www.hestasaga.com\/en\/?s={search_term_string}\"},\"query-input\":\"required name=search_term_string\"}],\"inLanguage\":\"de\"},{\"@type\":\"Organization\",\"@id\":\"https:\/\/www.hestasaga.com\/en\/#organization\",\"name\":\"HestaSaga\",\"url\":\"https:\/\/www.hestasaga.com\/en\/\",\"sameAs\":[\"https:\/\/www.instagram.com\/hestasaga\/\",\"https:\/\/www.facebook.com\/hestasaga\/\",\"https:\/\/twitter.com\/Hestasaga\"],\"logo\":{\"@type\":\"ImageObject\",\"inLanguage\":\"de\",\"@id\":\"https:\/\/www.hestasaga.com\/en\/#\/schema\/logo\/image\/\",\"url\":\"https:\/\/www.hestasaga.com\/wp-content\/uploads\/hestasaga_logo.png\",\"contentUrl\":\"https:\/\/www.hestasaga.com\/wp-content\/uploads\/hestasaga_logo.png\",\"width\":600,\"height\":214,\"caption\":\"HestaSaga\"},\"image\":{\"@id\":\"https:\/\/www.hestasaga.com\/en\/#\/schema\/logo\/image\/\"}},{\"@type\":\"Person\",\"@id\":\"https:\/\/www.hestasaga.com\/en\/#\/schema\/person\/6a39392b6cfc932dba2fa37469b6842a\",\"name\":\"Monika Papenfuss\",\"image\":{\"@type\":\"ImageObject\",\"inLanguage\":\"de\",\"@id\":\"https:\/\/www.hestasaga.com\/en\/#\/schema\/person\/image\/\",\"url\":\"https:\/\/secure.gravatar.com\/avatar\/b9cc76bc615e2efc42c9bbcb4d13c1b8?s=96&d=mm&r=g\",\"contentUrl\":\"https:\/\/secure.gravatar.com\/avatar\/b9cc76bc615e2efc42c9bbcb4d13c1b8?s=96&d=mm&r=g\",\"caption\":\"Monika Papenfuss\"},\"url\":\"https:\/\/www.hestasaga.com\/de\/author\/monika-papenfuss\/\"}]}<\/script>\n<!-- \/ Yoast SEO plugin. -->","yoast_head_json":{"title":"Mein ganz besonderes Pferd - Hestasaga","description":"Gewendolin erz\u00e4hlt auf hestasaga von ihrer begl\u00fcckenden Arbeit mit einem Pferd mit Handicap","robots":{"index":"index","follow":"follow","max-snippet":"max-snippet:-1","max-image-preview":"max-image-preview:large","max-video-preview":"max-video-preview:-1"},"canonical":"https:\/\/www.hestasaga.com\/de\/2020\/07\/10\/mein-ganz-besonderes-pferd\/","og_locale":"de_DE","og_type":"article","og_title":"Mein ganz besonderes Pferd - Hestasaga","og_description":"Gewendolin erz\u00e4hlt auf hestasaga von ihrer begl\u00fcckenden Arbeit mit einem Pferd mit Handicap","og_url":"https:\/\/www.hestasaga.com\/de\/2020\/07\/10\/mein-ganz-besonderes-pferd\/","og_site_name":"Hestasaga","article_publisher":"https:\/\/www.facebook.com\/hestasaga\/","article_published_time":"2020-07-09T22:19:51+00:00","article_modified_time":"2020-07-09T15:39:08+00:00","og_image":[{"width":1000,"height":752,"url":"https:\/\/www.hestasaga.com\/wp-content\/uploads\/HS-103.jpg","type":"image\/jpeg"}],"author":"Monika Papenfuss","twitter_card":"summary_large_image","twitter_creator":"@Hestasaga","twitter_site":"@Hestasaga","twitter_misc":{"Verfasst von":"Monika Papenfuss","Gesch\u00e4tzte Lesezeit":"7\u00a0Minuten"},"schema":{"@context":"https:\/\/schema.org","@graph":[{"@type":"Article","@id":"https:\/\/www.hestasaga.com\/de\/2020\/07\/10\/mein-ganz-besonderes-pferd\/#article","isPartOf":{"@id":"https:\/\/www.hestasaga.com\/de\/2020\/07\/10\/mein-ganz-besonderes-pferd\/"},"author":{"name":"Monika Papenfuss","@id":"https:\/\/www.hestasaga.com\/en\/#\/schema\/person\/6a39392b6cfc932dba2fa37469b6842a"},"headline":"Mein ganz besonderes Pferd","datePublished":"2020-07-09T22:19:51+00:00","dateModified":"2020-07-09T15:39:08+00:00","mainEntityOfPage":{"@id":"https:\/\/www.hestasaga.com\/de\/2020\/07\/10\/mein-ganz-besonderes-pferd\/"},"wordCount":1422,"commentCount":0,"publisher":{"@id":"https:\/\/www.hestasaga.com\/en\/#organization"},"articleSection":["Besondere Pferde","Freundschaft","Problempferd"],"inLanguage":"de","potentialAction":[{"@type":"CommentAction","name":"Comment","target":["https:\/\/www.hestasaga.com\/de\/2020\/07\/10\/mein-ganz-besonderes-pferd\/#respond"]}]},{"@type":"WebPage","@id":"https:\/\/www.hestasaga.com\/de\/2020\/07\/10\/mein-ganz-besonderes-pferd\/","url":"https:\/\/www.hestasaga.com\/de\/2020\/07\/10\/mein-ganz-besonderes-pferd\/","name":"Mein ganz besonderes Pferd - Hestasaga","isPartOf":{"@id":"https:\/\/www.hestasaga.com\/en\/#website"},"datePublished":"2020-07-09T22:19:51+00:00","dateModified":"2020-07-09T15:39:08+00:00","description":"Gewendolin erz\u00e4hlt auf hestasaga von ihrer begl\u00fcckenden Arbeit mit einem Pferd mit Handicap","breadcrumb":{"@id":"https:\/\/www.hestasaga.com\/de\/2020\/07\/10\/mein-ganz-besonderes-pferd\/#breadcrumb"},"inLanguage":"de","potentialAction":[{"@type":"ReadAction","target":["https:\/\/www.hestasaga.com\/de\/2020\/07\/10\/mein-ganz-besonderes-pferd\/"]}]},{"@type":"BreadcrumbList","@id":"https:\/\/www.hestasaga.com\/de\/2020\/07\/10\/mein-ganz-besonderes-pferd\/#breadcrumb","itemListElement":[{"@type":"ListItem","position":1,"name":"Startseite","item":"https:\/\/www.hestasaga.com\/de\/"},{"@type":"ListItem","position":2,"name":"Mein ganz besonderes Pferd"}]},{"@type":"WebSite","@id":"https:\/\/www.hestasaga.com\/en\/#website","url":"https:\/\/www.hestasaga.com\/en\/","name":"Hestasaga","description":"","publisher":{"@id":"https:\/\/www.hestasaga.com\/en\/#organization"},"potentialAction":[{"@type":"SearchAction","target":{"@type":"EntryPoint","urlTemplate":"https:\/\/www.hestasaga.com\/en\/?s={search_term_string}"},"query-input":"required name=search_term_string"}],"inLanguage":"de"},{"@type":"Organization","@id":"https:\/\/www.hestasaga.com\/en\/#organization","name":"HestaSaga","url":"https:\/\/www.hestasaga.com\/en\/","sameAs":["https:\/\/www.instagram.com\/hestasaga\/","https:\/\/www.facebook.com\/hestasaga\/","https:\/\/twitter.com\/Hestasaga"],"logo":{"@type":"ImageObject","inLanguage":"de","@id":"https:\/\/www.hestasaga.com\/en\/#\/schema\/logo\/image\/","url":"https:\/\/www.hestasaga.com\/wp-content\/uploads\/hestasaga_logo.png","contentUrl":"https:\/\/www.hestasaga.com\/wp-content\/uploads\/hestasaga_logo.png","width":600,"height":214,"caption":"HestaSaga"},"image":{"@id":"https:\/\/www.hestasaga.com\/en\/#\/schema\/logo\/image\/"}},{"@type":"Person","@id":"https:\/\/www.hestasaga.com\/en\/#\/schema\/person\/6a39392b6cfc932dba2fa37469b6842a","name":"Monika Papenfuss","image":{"@type":"ImageObject","inLanguage":"de","@id":"https:\/\/www.hestasaga.com\/en\/#\/schema\/person\/image\/","url":"https:\/\/secure.gravatar.com\/avatar\/b9cc76bc615e2efc42c9bbcb4d13c1b8?s=96&d=mm&r=g","contentUrl":"https:\/\/secure.gravatar.com\/avatar\/b9cc76bc615e2efc42c9bbcb4d13c1b8?s=96&d=mm&r=g","caption":"Monika Papenfuss"},"url":"https:\/\/www.hestasaga.com\/de\/author\/monika-papenfuss\/"}]}},"_links":{"self":[{"href":"https:\/\/www.hestasaga.com\/de\/wp-json\/wp\/v2\/posts\/130"}],"collection":[{"href":"https:\/\/www.hestasaga.com\/de\/wp-json\/wp\/v2\/posts"}],"about":[{"href":"https:\/\/www.hestasaga.com\/de\/wp-json\/wp\/v2\/types\/post"}],"author":[{"embeddable":true,"href":"https:\/\/www.hestasaga.com\/de\/wp-json\/wp\/v2\/users\/2"}],"replies":[{"embeddable":true,"href":"https:\/\/www.hestasaga.com\/de\/wp-json\/wp\/v2\/comments?post=130"}],"version-history":[{"count":7,"href":"https:\/\/www.hestasaga.com\/de\/wp-json\/wp\/v2\/posts\/130\/revisions"}],"predecessor-version":[{"id":6289,"href":"https:\/\/www.hestasaga.com\/de\/wp-json\/wp\/v2\/posts\/130\/revisions\/6289"}],"wp:featuredmedia":[{"embeddable":true,"href":"https:\/\/www.hestasaga.com\/de\/wp-json\/wp\/v2\/media\/416"}],"wp:attachment":[{"href":"https:\/\/www.hestasaga.com\/de\/wp-json\/wp\/v2\/media?parent=130"}],"wp:term":[{"taxonomy":"category","embeddable":true,"href":"https:\/\/www.hestasaga.com\/de\/wp-json\/wp\/v2\/categories?post=130"},{"taxonomy":"post_tag","embeddable":true,"href":"https:\/\/www.hestasaga.com\/de\/wp-json\/wp\/v2\/tags?post=130"},{"taxonomy":"series","embeddable":true,"href":"https:\/\/www.hestasaga.com\/de\/wp-json\/wp\/v2\/series?post=130"},{"taxonomy":"speaker","embeddable":true,"href":"https:\/\/www.hestasaga.com\/de\/wp-json\/wp\/v2\/speaker?post=130"}],"curies":[{"name":"wp","href":"https:\/\/api.w.org\/{rel}","templated":true}]}}